{"id":16803,"date":"2026-04-14T04:51:41","date_gmt":"2026-04-14T07:51:41","guid":{"rendered":"https:\/\/oficinaconectada.com.br\/dtc\/sem-categoria\/b1703-2\/"},"modified":"2026-04-14T04:51:41","modified_gmt":"2026-04-14T07:51:41","slug":"b1703-2","status":"publish","type":"post","link":"https:\/\/oficinaconectada.com.br\/dtc\/diagnostico-dtc\/b1703-2\/","title":{"rendered":"B1703 Ford: Curto em Assento Motorista"},"content":{"rendered":"<h1>C\u00f3digo B1703: Diagn\u00f3stico de Curto no Circuito do Assento do Motorista Ford<\/h1>\n<p>O <b>c\u00f3digo B1703<\/b> em ve\u00edculos Ford indica um <b>curto-circuito para a bateria<\/b> no circuito do interruptor que controla a movimenta\u00e7\u00e3o para frente do encosto do assento do motorista. Este problema el\u00e9trico impede que o encosto do assento do motorista se incline para frente.<\/p>\n<h2>O que significa B1703?<\/h2>\n<p>O prefixo &#8216;B&#8217; em c\u00f3digos DTC indica um problema relacionado \u00e0 carroceria (Body Control Module &#8211; BCM ou m\u00f3dulos relacionados). O c\u00f3digo B1703 especifica que h\u00e1 um n\u00edvel de tens\u00e3o de bateria (aproximadamente 12V) presente em um ponto do circuito do interruptor de reclina\u00e7\u00e3o que n\u00e3o deveria estar l\u00e1 sob condi\u00e7\u00f5es normais de opera\u00e7\u00e3o. Isso sugere que a fia\u00e7\u00e3o do interruptor est\u00e1 em contato direto com o fio de alimenta\u00e7\u00e3o (positivo da bateria), ou o pr\u00f3prio interruptor est\u00e1 defeituoso.<\/p>\n<h2>Causas Comuns do B1703<\/h2>\n<ul>\n<li>Fia\u00e7\u00e3o danificada ou esmagada no chicote do assento do motorista<\/li>\n<li>Conector do interruptor de reclina\u00e7\u00e3o corro\u00eddo ou solto<\/li>\n<li>Interruptor de reclina\u00e7\u00e3o do assento do motorista defeituoso<\/li>\n<li>Curto-circuito interno no chicote principal do ve\u00edculo, pr\u00f3ximo ao assento<\/li>\n<li>Danos \u00e0 fia\u00e7\u00e3o durante instala\u00e7\u00f5es de acess\u00f3rios ou manuten\u00e7\u00e3o<\/li>\n<\/ul>\n<h2>Diagn\u00f3stico do C\u00f3digo B1703<\/h2>\n<p>O diagn\u00f3stico deste c\u00f3digo requer acesso ao diagrama el\u00e9trico espec\u00edfico do modelo Ford e o uso de um mult\u00edmetro.<\/p>\n<ol>\n<li><b>Consulte o Diagrama El\u00e9trico no DIAGWEB:<\/b> Acesse o <b>DIAGWEB<\/b> e procure pelo diagrama el\u00e9trico do sistema de assento para o modelo e ano do Ford em quest\u00e3o. Identifique o circuito do interruptor de reclina\u00e7\u00e3o para frente do assento do motorista. O diagrama mostrar\u00e1 os pinos do interruptor, a fia\u00e7\u00e3o associada e a conex\u00e3o com o m\u00f3dulo de controle do assento (se houver) ou diretamente com a alimenta\u00e7\u00e3o e o motor de reclina\u00e7\u00e3o.<\/li>\n<li><b>Inspe\u00e7\u00e3o Visual da Fia\u00e7\u00e3o:<\/b> Examine cuidadosamente a fia\u00e7\u00e3o que leva ao interruptor de reclina\u00e7\u00e3o. Procure por fios desencapados, isolamento danificado, esmagamento ou pontos de contato com partes met\u00e1licas do chassi ou trilhos do assento.<\/li>\n<li><b>Teste do Interruptor:<\/b> Com o conector do interruptor desconectado, use um mult\u00edmetro para verificar a continuidade entre os pinos. Em alguns casos, pode ser necess\u00e1rio testar a resist\u00eancia do interruptor em diferentes posi\u00e7\u00f5es (se aplic\u00e1vel) e verificar se ele est\u00e1 criando um curto para a alimenta\u00e7\u00e3o.<\/li>\n<li><b>Teste de Tens\u00e3o no Conector:<\/b> Com o sistema energizado (chave na posi\u00e7\u00e3o ON ou ACC), me\u00e7a a tens\u00e3o no pino de alimenta\u00e7\u00e3o do conector do interruptor. Dever\u00e1 haver cerca de 12V. Em seguida, verifique os outros pinos em rela\u00e7\u00e3o ao terra. A presen\u00e7a de 12V em um pino que deveria estar conectado ao motor ou ao terra sugere o curto para a bateria.<\/li>\n<li><b>Verifica\u00e7\u00e3o do Chicote e Conectores:<\/b> Inspecione o conector do interruptor e os conectores do chicote que levam ao motor de reclina\u00e7\u00e3o. Procure por corros\u00e3o, pinos tortos ou soltos.<\/li>\n<\/ol>\n<h2>Quando o B1703 se Manifesta?<\/h2>\n<p>Este c\u00f3digo geralmente \u00e9 registrado pelo m\u00f3dulo de controle quando o interruptor de reclina\u00e7\u00e3o para frente \u00e9 acionado e o m\u00f3dulo detecta que a corrente consumida \u00e9 muito alta (indicando um curto-circuito) ou que a tens\u00e3o de alimenta\u00e7\u00e3o est\u00e1 presente onde n\u00e3o deveria.<\/p>\n<h2>Afeta Qual Ve\u00edculo Ford?<\/h2>\n<p>O c\u00f3digo B1703 pode aparecer em diversos modelos Ford equipados com assentos el\u00e9tricos ajust\u00e1veis, como os modelos Focus, Fusion, Escape, F-150, Explorer e outros, dependendo do ano e da configura\u00e7\u00e3o do ve\u00edculo.<\/p>\n<h2>Diagrama El\u00e9trico e Teste de Circuito<\/h2>\n<p>A precis\u00e3o do diagn\u00f3stico do <b>c\u00f3digo B1703<\/b> em seu Ford \u00e9 facilitada com a consulta ao <b>diagrama el\u00e9trico no DIAGWEB<\/b>. Utilize o DIAGWEB para:<\/p>\n<ul>\n<li>Localizar o diagrama espec\u00edfico do sistema de assento el\u00e9trico para seu [montadora] [ano\/modelo].<\/li>\n<li>Identificar os <b>pinos do interruptor de reclina\u00e7\u00e3o<\/b> e seus respectivos caminhos no chicote.<\/li>\n<li>Verificar a pinagem correta do conector do motor de reclina\u00e7\u00e3o.<\/li>\n<li>Entender o circuito de alimenta\u00e7\u00e3o e aterramento do sistema.<\/li>\n<li>O diagrama \u00e9 essencial para testar a <b>continuidade<\/b>, <b>resist\u00eancia<\/b> e <b>tens\u00e3o<\/b> nos pontos corretos do circuito, evitando diagn\u00f3sticos err\u00f4neos e a substitui\u00e7\u00e3o desnecess\u00e1ria de componentes.<\/li>\n<\/ul>\n<p>Sem o diagrama el\u00e9trico, diagnosticar curtos-circuitos pode ser demorado e frustrante, aumentando o risco de danificar outros componentes do sistema el\u00e9trico do ve\u00edculo.<\/p>\n<h2>Poss\u00edveis Solu\u00e7\u00f5es<\/h2>\n<p>Ap\u00f3s a identifica\u00e7\u00e3o da causa, as solu\u00e7\u00f5es podem incluir:<\/p>\n<ul>\n<li>Reparo ou substitui\u00e7\u00e3o da fia\u00e7\u00e3o danificada.<\/li>\n<li>Limpeza ou substitui\u00e7\u00e3o do conector do interruptor.<\/li>\n<li>Substitui\u00e7\u00e3o do interruptor de reclina\u00e7\u00e3o do assento do motorista.<\/li>\n<li>Restaura\u00e7\u00e3o de conex\u00f5es el\u00e9tricas com o aterramento ou alimenta\u00e7\u00e3o principal.<\/li>\n<\/ul>\n","protected":false},"excerpt":{"rendered":"O c\u00f3digo B1703 Ford indica um curto-circuito para a bateria no circuito do interruptor de reclina\u00e7\u00e3o do assento do motorista. Problema el\u00e9trico afeta a mobilidade do assento.","protected":false},"author":1,"featured_media":0,"comment_status":"open","ping_status":"open","sticky":false,"template":"","format":"standard","meta":{"csco_display_header_overlay":false,"csco_singular_sidebar":"","csco_page_header_type":"","csco_page_load_nextpost":"","csco_page_reading_time":"","csco_page_toc_navigation":"","csco_post_video_location":[],"csco_post_video_location_hash":"","csco_post_video_url":"","csco_post_video_bg_start_time":0,"csco_post_video_bg_end_time":0,"csco_post_video_bg_volume":false,"footnotes":""},"categories":[13,79,26474,8843],"tags":[8989,3328,2222,31247,2313,377,910,34116,33495],"class_list":{"0":"post-16803","1":"post","2":"type-post","3":"status-publish","4":"format-standard","6":"category-diagnostico-dtc","7":"category-dtcs-carroceria","8":"category-dtcs-sistema-eletrico","9":"category-ford","10":"tag-00081-ford","11":"tag-ajuste-assento","12":"tag-ajuste-eletrico","13":"tag-b1001-citroen-curto-porta","14":"tag-b1703","15":"tag-bcm","16":"tag-carroceria","17":"tag-codigo-b1703-ford","18":"tag-controle-de-diagnostico","19":"cs-entry","20":"cs-video-wrap"},"yoast_head":"<!-- This site is optimized with the Yoast SEO plugin v27.0 - https:\/\/yoast.com\/product\/yoast-seo-wordpress\/ -->\r\n<title>B1703 Ford: Curto em Assento Motorista - Oficina Conectada | DTC e C\u00f3digos de Falha<\/title>\r\n<meta name=\"robots\" content=\"index, follow, max-snippet:-1, max-image-preview:large, max-video-preview:-1\" \/>\r\n<link rel=\"canonical\" href=\"https:\/\/oficinaconectada.com.br\/dtc\/sem-categoria\/b1703-2\/\" \/>\r\n<meta property=\"og:locale\" content=\"pt_BR\" \/>\r\n<meta property=\"og:type\" content=\"article\" \/>\r\n<meta property=\"og:title\" content=\"B1703 Ford: Curto em Assento Motorista - Oficina Conectada | DTC e C\u00f3digos de Falha\" \/>\r\n<meta property=\"og:description\" content=\"O c\u00f3digo B1703 Ford indica um curto-circuito para a bateria no circuito do interruptor de reclina\u00e7\u00e3o do assento do motorista. Problema el\u00e9trico afeta a mobilidade do assento.\" \/>\r\n<meta property=\"og:url\" content=\"https:\/\/oficinaconectada.com.br\/dtc\/sem-categoria\/b1703-2\/\" \/>\r\n<meta property=\"og:site_name\" content=\"Oficina Conectada | DTC e C\u00f3digos de Falha\" \/>\r\n<meta property=\"article:published_time\" content=\"2026-04-14T07:51:41+00:00\" \/>\r\n<meta name=\"author\" content=\"Pablo Eduardo\" \/>\r\n<meta name=\"twitter:card\" content=\"summary_large_image\" \/>\r\n<meta name=\"twitter:label1\" content=\"Escrito por\" \/>\n\t<meta name=\"twitter:data1\" content=\"Pablo Eduardo\" \/>\n\t<meta name=\"twitter:label2\" content=\"Est. tempo de leitura\" \/>\n\t<meta name=\"twitter:data2\" content=\"4 minutos\" \/>\r\n<script type=\"application\/ld+json\" class=\"yoast-schema-graph\">{\"@context\":\"https:\/\/schema.org\",\"@graph\":[{\"@type\":\"Article\",\"@id\":\"https:\/\/oficinaconectada.com.br\/dtc\/sem-categoria\/b1703-2\/#article\",\"isPartOf\":{\"@id\":\"https:\/\/oficinaconectada.com.br\/dtc\/sem-categoria\/b1703-2\/\"},\"author\":{\"name\":\"Pablo Eduardo\",\"@id\":\"https:\/\/oficinaconectada.com.br\/dtc\/#\/schema\/person\/b05379d5192b1bb9ea5fb9936b746b78\"},\"headline\":\"B1703 Ford: Curto em Assento Motorista\",\"datePublished\":\"2026-04-14T07:51:41+00:00\",\"mainEntityOfPage\":{\"@id\":\"https:\/\/oficinaconectada.com.br\/dtc\/sem-categoria\/b1703-2\/\"},\"wordCount\":814,\"commentCount\":0,\"publisher\":{\"@id\":\"https:\/\/oficinaconectada.com.br\/dtc\/#organization\"},\"keywords\":[\"00081 Ford\",\"ajuste assento\",\"ajuste el\u00e9trico\",\"B1001 Citroen curto porta\",\"B1703\",\"BCM\",\"carroceria\",\"c\u00f3digo B1703 Ford\",\"controle de diagn\u00f3stico\"],\"articleSection\":[\"Diagn\u00f3stico DTC\",\"DTCs Carroceria\",\"DTCs Sistema El\u00e9trico\",\"Ford\"],\"inLanguage\":\"pt-BR\",\"potentialAction\":[{\"@type\":\"CommentAction\",\"name\":\"Comment\",\"target\":[\"https:\/\/oficinaconectada.com.br\/dtc\/sem-categoria\/b1703-2\/#respond\"]}]},{\"@type\":\"WebPage\",\"@id\":\"https:\/\/oficinaconectada.com.br\/dtc\/sem-categoria\/b1703-2\/\",\"url\":\"https:\/\/oficinaconectada.com.br\/dtc\/sem-categoria\/b1703-2\/\",\"name\":\"B1703 Ford: Curto em Assento Motorista - Oficina Conectada | DTC e C\u00f3digos de Falha\",\"isPartOf\":{\"@id\":\"https:\/\/oficinaconectada.com.br\/dtc\/#website\"},\"datePublished\":\"2026-04-14T07:51:41+00:00\",\"breadcrumb\":{\"@id\":\"https:\/\/oficinaconectada.com.br\/dtc\/sem-categoria\/b1703-2\/#breadcrumb\"},\"inLanguage\":\"pt-BR\",\"potentialAction\":[{\"@type\":\"ReadAction\",\"target\":[\"https:\/\/oficinaconectada.com.br\/dtc\/sem-categoria\/b1703-2\/\"]}]},{\"@type\":\"BreadcrumbList\",\"@id\":\"https:\/\/oficinaconectada.com.br\/dtc\/sem-categoria\/b1703-2\/#breadcrumb\",\"itemListElement\":[{\"@type\":\"ListItem\",\"position\":1,\"name\":\"Home\",\"item\":\"https:\/\/oficinaconectada.com.br\/dtc\/\"},{\"@type\":\"ListItem\",\"position\":2,\"name\":\"B1703 Ford: Curto em Assento Motorista\"}]},{\"@type\":\"WebSite\",\"@id\":\"https:\/\/oficinaconectada.com.br\/dtc\/#website\",\"url\":\"https:\/\/oficinaconectada.com.br\/dtc\/\",\"name\":\"Oficina Conectada | C\u00f3digos de Falha DTC\",\"description\":\"A Oficina Conectada \u00e9 o primeiro passo para o diagn\u00f3stico lucrativo. Consulte c\u00f3digos de falha DTC e OBD2 com causas, sintomas e solu\u00e7\u00f5es profissionais.\",\"publisher\":{\"@id\":\"https:\/\/oficinaconectada.com.br\/dtc\/#organization\"},\"potentialAction\":[{\"@type\":\"SearchAction\",\"target\":{\"@type\":\"EntryPoint\",\"urlTemplate\":\"https:\/\/oficinaconectada.com.br\/dtc\/?s={search_term_string}\"},\"query-input\":{\"@type\":\"PropertyValueSpecification\",\"valueRequired\":true,\"valueName\":\"search_term_string\"}}],\"inLanguage\":\"pt-BR\"},{\"@type\":\"Organization\",\"@id\":\"https:\/\/oficinaconectada.com.br\/dtc\/#organization\",\"name\":\"Oficina Conectada | C\u00f3digos de Falha DTC\",\"url\":\"https:\/\/oficinaconectada.com.br\/dtc\/\",\"logo\":{\"@type\":\"ImageObject\",\"inLanguage\":\"pt-BR\",\"@id\":\"https:\/\/oficinaconectada.com.br\/dtc\/#\/schema\/logo\/image\/\",\"url\":\"https:\/\/oficinaconectada.com.br\/dtc\/wp-content\/uploads\/2026\/02\/OficinaConectadaDTC.png\",\"contentUrl\":\"https:\/\/oficinaconectada.com.br\/dtc\/wp-content\/uploads\/2026\/02\/OficinaConectadaDTC.png\",\"width\":245,\"height\":100,\"caption\":\"Oficina Conectada | C\u00f3digos de Falha DTC\"},\"image\":{\"@id\":\"https:\/\/oficinaconectada.com.br\/dtc\/#\/schema\/logo\/image\/\"}},{\"@type\":\"Person\",\"@id\":\"https:\/\/oficinaconectada.com.br\/dtc\/#\/schema\/person\/b05379d5192b1bb9ea5fb9936b746b78\",\"name\":\"Pablo Eduardo\",\"image\":{\"@type\":\"ImageObject\",\"inLanguage\":\"pt-BR\",\"@id\":\"https:\/\/oficinaconectada.com.br\/dtc\/#\/schema\/person\/image\/\",\"url\":\"https:\/\/secure.gravatar.com\/avatar\/36a476f36de7a3b4526c6c4d1c99c240610b4949b92294d4de2634b206fdbfc6?s=96&d=mm&r=g\",\"contentUrl\":\"https:\/\/secure.gravatar.com\/avatar\/36a476f36de7a3b4526c6c4d1c99c240610b4949b92294d4de2634b206fdbfc6?s=96&d=mm&r=g\",\"caption\":\"Pablo Eduardo\"},\"sameAs\":[\"https:\/\/oficinaconectada.com.br\/dtc\"],\"url\":\"https:\/\/oficinaconectada.com.br\/dtc\/author\/pablo-eduardo\/\"}]}<\/script>\r\n<!-- \/ Yoast SEO plugin. -->","yoast_head_json":{"title":"B1703 Ford: Curto em Assento Motorista - Oficina Conectada | DTC e C\u00f3digos de Falha","robots":{"index":"index","follow":"follow","max-snippet":"max-snippet:-1","max-image-preview":"max-image-preview:large","max-video-preview":"max-video-preview:-1"},"canonical":"https:\/\/oficinaconectada.com.br\/dtc\/sem-categoria\/b1703-2\/","og_locale":"pt_BR","og_type":"article","og_title":"B1703 Ford: Curto em Assento Motorista - Oficina Conectada | DTC e C\u00f3digos de Falha","og_description":"O c\u00f3digo B1703 Ford indica um curto-circuito para a bateria no circuito do interruptor de reclina\u00e7\u00e3o do assento do motorista. Problema el\u00e9trico afeta a mobilidade do assento.","og_url":"https:\/\/oficinaconectada.com.br\/dtc\/sem-categoria\/b1703-2\/","og_site_name":"Oficina Conectada | DTC e C\u00f3digos de Falha","article_published_time":"2026-04-14T07:51:41+00:00","author":"Pablo Eduardo","twitter_card":"summary_large_image","twitter_misc":{"Escrito por":"Pablo Eduardo","Est. tempo de leitura":"4 minutos"},"schema":{"@context":"https:\/\/schema.org","@graph":[{"@type":"Article","@id":"https:\/\/oficinaconectada.com.br\/dtc\/sem-categoria\/b1703-2\/#article","isPartOf":{"@id":"https:\/\/oficinaconectada.com.br\/dtc\/sem-categoria\/b1703-2\/"},"author":{"name":"Pablo Eduardo","@id":"https:\/\/oficinaconectada.com.br\/dtc\/#\/schema\/person\/b05379d5192b1bb9ea5fb9936b746b78"},"headline":"B1703 Ford: Curto em Assento Motorista","datePublished":"2026-04-14T07:51:41+00:00","mainEntityOfPage":{"@id":"https:\/\/oficinaconectada.com.br\/dtc\/sem-categoria\/b1703-2\/"},"wordCount":814,"commentCount":0,"publisher":{"@id":"https:\/\/oficinaconectada.com.br\/dtc\/#organization"},"keywords":["00081 Ford","ajuste assento","ajuste el\u00e9trico","B1001 Citroen curto porta","B1703","BCM","carroceria","c\u00f3digo B1703 Ford","controle de diagn\u00f3stico"],"articleSection":["Diagn\u00f3stico DTC","DTCs Carroceria","DTCs Sistema El\u00e9trico","Ford"],"inLanguage":"pt-BR","potentialAction":[{"@type":"CommentAction","name":"Comment","target":["https:\/\/oficinaconectada.com.br\/dtc\/sem-categoria\/b1703-2\/#respond"]}]},{"@type":"WebPage","@id":"https:\/\/oficinaconectada.com.br\/dtc\/sem-categoria\/b1703-2\/","url":"https:\/\/oficinaconectada.com.br\/dtc\/sem-categoria\/b1703-2\/","name":"B1703 Ford: Curto em Assento Motorista - Oficina Conectada | DTC e C\u00f3digos de Falha","isPartOf":{"@id":"https:\/\/oficinaconectada.com.br\/dtc\/#website"},"datePublished":"2026-04-14T07:51:41+00:00","breadcrumb":{"@id":"https:\/\/oficinaconectada.com.br\/dtc\/sem-categoria\/b1703-2\/#breadcrumb"},"inLanguage":"pt-BR","potentialAction":[{"@type":"ReadAction","target":["https:\/\/oficinaconectada.com.br\/dtc\/sem-categoria\/b1703-2\/"]}]},{"@type":"BreadcrumbList","@id":"https:\/\/oficinaconectada.com.br\/dtc\/sem-categoria\/b1703-2\/#breadcrumb","itemListElement":[{"@type":"ListItem","position":1,"name":"Home","item":"https:\/\/oficinaconectada.com.br\/dtc\/"},{"@type":"ListItem","position":2,"name":"B1703 Ford: Curto em Assento Motorista"}]},{"@type":"WebSite","@id":"https:\/\/oficinaconectada.com.br\/dtc\/#website","url":"https:\/\/oficinaconectada.com.br\/dtc\/","name":"Oficina Conectada | C\u00f3digos de Falha DTC","description":"A Oficina Conectada \u00e9 o primeiro passo para o diagn\u00f3stico lucrativo. Consulte c\u00f3digos de falha DTC e OBD2 com causas, sintomas e solu\u00e7\u00f5es profissionais.","publisher":{"@id":"https:\/\/oficinaconectada.com.br\/dtc\/#organization"},"potentialAction":[{"@type":"SearchAction","target":{"@type":"EntryPoint","urlTemplate":"https:\/\/oficinaconectada.com.br\/dtc\/?s={search_term_string}"},"query-input":{"@type":"PropertyValueSpecification","valueRequired":true,"valueName":"search_term_string"}}],"inLanguage":"pt-BR"},{"@type":"Organization","@id":"https:\/\/oficinaconectada.com.br\/dtc\/#organization","name":"Oficina Conectada | C\u00f3digos de Falha DTC","url":"https:\/\/oficinaconectada.com.br\/dtc\/","logo":{"@type":"ImageObject","inLanguage":"pt-BR","@id":"https:\/\/oficinaconectada.com.br\/dtc\/#\/schema\/logo\/image\/","url":"https:\/\/oficinaconectada.com.br\/dtc\/wp-content\/uploads\/2026\/02\/OficinaConectadaDTC.png","contentUrl":"https:\/\/oficinaconectada.com.br\/dtc\/wp-content\/uploads\/2026\/02\/OficinaConectadaDTC.png","width":245,"height":100,"caption":"Oficina Conectada | C\u00f3digos de Falha DTC"},"image":{"@id":"https:\/\/oficinaconectada.com.br\/dtc\/#\/schema\/logo\/image\/"}},{"@type":"Person","@id":"https:\/\/oficinaconectada.com.br\/dtc\/#\/schema\/person\/b05379d5192b1bb9ea5fb9936b746b78","name":"Pablo Eduardo","image":{"@type":"ImageObject","inLanguage":"pt-BR","@id":"https:\/\/oficinaconectada.com.br\/dtc\/#\/schema\/person\/image\/","url":"https:\/\/secure.gravatar.com\/avatar\/36a476f36de7a3b4526c6c4d1c99c240610b4949b92294d4de2634b206fdbfc6?s=96&d=mm&r=g","contentUrl":"https:\/\/secure.gravatar.com\/avatar\/36a476f36de7a3b4526c6c4d1c99c240610b4949b92294d4de2634b206fdbfc6?s=96&d=mm&r=g","caption":"Pablo Eduardo"},"sameAs":["https:\/\/oficinaconectada.com.br\/dtc"],"url":"https:\/\/oficinaconectada.com.br\/dtc\/author\/pablo-eduardo\/"}]}},"yoast_title":"","yoast_metadesc":"","yoast_focus_keyword":"","yoast_readability":"","yoast_keyword_density":"","_links":{"self":[{"href":"https:\/\/oficinaconectada.com.br\/dtc\/wp-json\/wp\/v2\/posts\/16803","targetHints":{"allow":["GET"]}}],"collection":[{"href":"https:\/\/oficinaconectada.com.br\/dtc\/wp-json\/wp\/v2\/posts"}],"about":[{"href":"https:\/\/oficinaconectada.com.br\/dtc\/wp-json\/wp\/v2\/types\/post"}],"author":[{"embeddable":true,"href":"https:\/\/oficinaconectada.com.br\/dtc\/wp-json\/wp\/v2\/users\/1"}],"replies":[{"embeddable":true,"href":"https:\/\/oficinaconectada.com.br\/dtc\/wp-json\/wp\/v2\/comments?post=16803"}],"version-history":[{"count":0,"href":"https:\/\/oficinaconectada.com.br\/dtc\/wp-json\/wp\/v2\/posts\/16803\/revisions"}],"wp:attachment":[{"href":"https:\/\/oficinaconectada.com.br\/dtc\/wp-json\/wp\/v2\/media?parent=16803"}],"wp:term":[{"taxonomy":"category","embeddable":true,"href":"https:\/\/oficinaconectada.com.br\/dtc\/wp-json\/wp\/v2\/categories?post=16803"},{"taxonomy":"post_tag","embeddable":true,"href":"https:\/\/oficinaconectada.com.br\/dtc\/wp-json\/wp\/v2\/tags?post=16803"}],"curies":[{"name":"wp","href":"https:\/\/api.w.org\/{rel}","templated":true}]}}