{"id":16140,"date":"2026-04-14T00:07:11","date_gmt":"2026-04-14T03:07:11","guid":{"rendered":"https:\/\/oficinaconectada.com.br\/dtc\/sem-categoria\/b1472-fiat\/"},"modified":"2026-04-14T00:07:11","modified_gmt":"2026-04-14T03:07:11","slug":"b1472-fiat","status":"publish","type":"post","link":"https:\/\/oficinaconectada.com.br\/dtc\/diagnostico-dtc\/b1472-fiat\/","title":{"rendered":"B1472 Fiat: Curto no Circuito da L\u00e2mpada do Farol"},"content":{"rendered":"<h1>C\u00f3digo B1472 Fiat: Diagn\u00f3stico de Curto no Circuito da L\u00e2mpada do Farol<\/h1>\n<p>O <b>c\u00f3digo B1472<\/b> em ve\u00edculos Fiat indica um problema espec\u00edfico no circuito da l\u00e2mpada do farol: um <b>curto-circuito para o terra<\/b> (Short To Ground). Este DTC, pertencente \u00e0 categoria B (Carroceria\/Comunica\u00e7\u00e3o), sugere que a fia\u00e7\u00e3o ou o componente de ilumina\u00e7\u00e3o est\u00e1 em contato indesejado com o chassi do ve\u00edculo, impedindo o funcionamento correto do farol.<\/p>\n<h2>O que significa B1472?<\/h2>\n<p>O <b>B1472<\/b> especifica que a entrada de controle da l\u00e2mpada do farol est\u00e1 em curto com o terra. Isso significa que, em vez de receber a voltagem adequada para acender, a fia\u00e7\u00e3o ou o componente da l\u00e2mpada est\u00e1 enviando um sinal de baixa resist\u00eancia diretamente para o ponto de aterramento do ve\u00edculo. O m\u00f3dulo de controle da carroceria (BCM) ou o m\u00f3dulo de ilumina\u00e7\u00e3o detecta essa condi\u00e7\u00e3o an\u00f4mala e armazena o c\u00f3digo.<\/p>\n<h2>Causas Comuns do B1472 em Fiat<\/h2>\n<p>As causas mais frequentes para o c\u00f3digo B1472 em ve\u00edculos Fiat incluem:<\/p>\n<ul>\n<li><b>Fia\u00e7\u00e3o danificada:<\/b> Isolamento corro\u00eddo ou rompido na fia\u00e7\u00e3o que vai do m\u00f3dulo de controle at\u00e9 a l\u00e2mpada do farol, permitindo o contato com o chassi.<\/li>\n<li><b>Conector da l\u00e2mpada com problemas:<\/b> Terminais corro\u00eddos, tortos ou soltos dentro do conector da l\u00e2mpada do farol, causando um curto para o terra.<\/li>\n<li><b>L\u00e2mpada defeituosa:<\/b> A pr\u00f3pria l\u00e2mpada pode apresentar um defeito interno que cause o curto-circuito.<\/li>\n<li><b>Entrada de \u00e1gua ou umidade:<\/b> Infiltra\u00e7\u00e3o de \u00e1gua nos conectores ou na fia\u00e7\u00e3o, especialmente em \u00e1reas expostas, pode levar a curtos-circuitos.<\/li>\n<li><b>Instala\u00e7\u00e3o incorreta de acess\u00f3rios:<\/b> Sistemas de ilumina\u00e7\u00e3o adicionais mal instalados podem interferir nos circuitos originais.<\/li>\n<\/ul>\n<h2>Como Diagnosticar o C\u00f3digo B1472<\/h2>\n<p>O diagn\u00f3stico do B1472 em Fords requer aten\u00e7\u00e3o e ferramentas adequadas:<\/p>\n<ol>\n<li><b>Conectar um scanner OBD2:<\/b> Utilize um scanner compat\u00edvel com a rede CAN da Fiat para ler o c\u00f3digo B1472 e verificar outros DTCs relacionados.<\/li>\n<li><b>Inspecionar a fia\u00e7\u00e3o:<\/b> Siga o chicote el\u00e9trico do farol at\u00e9 o m\u00f3dulo de controle de ilumina\u00e7\u00e3o (BCM). Procure por fios expostos, esmagados ou com isolamento danificado.<\/li>\n<li><b>Verificar o conector da l\u00e2mpada:<\/b> Desconecte o conector da l\u00e2mpada do farol e inspecione os pinos por corros\u00e3o, danos f\u00edsicos ou desalinhamento.<\/li>\n<li><b>Testar continuidade e resist\u00eancia:<\/b> Com um mult\u00edmetro, teste a continuidade entre o pino de aterramento do circuito da l\u00e2mpada e o chassi do ve\u00edculo. Um valor muito baixo (pr\u00f3ximo de zero ohms) indica um curto para o terra.<\/li>\n<li><b>Testar a l\u00e2mpada:<\/b> Se poss\u00edvel, substitua a l\u00e2mpada do farol por uma nova para descartar defeito na pr\u00f3pria l\u00e2mpada.<\/li>\n<li><b>Verificar o m\u00f3dulo de controle:<\/b> Em casos raros, o m\u00f3dulo de controle da carroceria (BCM) pode estar defeituoso, embora seja menos comum que problemas na fia\u00e7\u00e3o ou l\u00e2mpada.<\/li>\n<\/ol>\n<h2>Diagrama El\u00e9trico e Teste de Circuito<\/h2>\n<p>Para diagnosticar o <b>c\u00f3digo B1472<\/b> com precis\u00e3o em ve\u00edculos Fiat, a consulta ao <b>diagrama el\u00e9trico no DIAGWEB<\/b> \u00e9 fundamental:<\/p>\n<ul>\n<li><b>DIAGWEB:<\/b> Procure por [Montadora: Fiat] [Ano\/Modelo do ve\u00edculo] \u2192 [Sistema: Ilumina\u00e7\u00e3o \/ Corpo (Body) \/ Rede CAN].<\/li>\n<li><b>Identifique o Circuito:<\/b> Localize o diagrama do circuito da l\u00e2mpada do farol (geralmente identificado como &#8216;Headlamp Circuit&#8217; ou &#8216;Low Beam\/High Beam Circuit&#8217;). O diagrama mostrar\u00e1 os pinos do m\u00f3dulo de controle, da l\u00e2mpada e os pontos de aterramento.<\/li>\n<li><b>Verifique a Fia\u00e7\u00e3o e Conex\u00f5es:<\/b> O diagrama el\u00e9trico indica quais pinos do m\u00f3dulo e do conector da l\u00e2mpada devem ter continuidade com o terra. Use seu mult\u00edmetro para testar a continuidade da fia\u00e7\u00e3o entre esses pontos e o chassi.<\/li>\n<li><b>Teste de Tens\u00e3o:<\/b> Enquanto o sistema est\u00e1 energizado (com a igni\u00e7\u00e3o ligada, e possivelmente o comando de luzes acionado), me\u00e7a a voltagem no pino de alimenta\u00e7\u00e3o da l\u00e2mpada. Para um circuito com curto para terra, a voltagem pode ser muito baixa ou nula, pois a energia est\u00e1 &#8216;vazando&#8217; para o terra.<\/li>\n<li><b>Pontos de Aterramento:<\/b> O diagrama mostrar\u00e1 os pontos exatos de aterramento (GND). Verifique se esses pontos est\u00e3o limpos e bem fixados ao chassi do ve\u00edculo.<\/li>\n<\/ul>\n<p>O diagrama do DIAGWEB fornece as especifica\u00e7\u00f5es exatas para cada pino, permitindo um teste preciso e evitando suposi\u00e7\u00f5es. Sem o diagrama el\u00e9trico, o diagn\u00f3stico de curtos \u00e9 demorado e propenso a erros.<\/p>\n<h2>Afeta Quais Modelos Fiat?<\/h2>\n<p>O c\u00f3digo B1472 pode ocorrer em diversos modelos da Fiat equipados com sistemas de ilumina\u00e7\u00e3o controlados eletronicamente, incluindo, mas n\u00e3o se limitando a:<\/p>\n<ul>\n<li>Fiat Palio<\/li>\n<li>Fiat Siena<\/li>\n<li>Fiat Uno<\/li>\n<li>Fiat Strada<\/li>\n<li>Fiat Argo<\/li>\n<li>Fiat Cronos<\/li>\n<li>Fiat Toro<\/li>\n<\/ul>\n<p>A localiza\u00e7\u00e3o exata dos componentes e a complexidade do sistema de ilumina\u00e7\u00e3o podem variar entre os modelos e anos de fabrica\u00e7\u00e3o.<\/p>\n<h2>Pode Dirigir com B1472 Ativo?<\/h2>\n<p>Dirigir com o c\u00f3digo B1472 ativo significa que um ou ambos os far\u00f3is (dependendo se o c\u00f3digo \u00e9 espec\u00edfico para um lado ou geral) n\u00e3o est\u00e3o funcionando corretamente. Isso representa um risco significativo de seguran\u00e7a, pois a visibilidade noturna ou em condi\u00e7\u00f5es de baixa luz \u00e9 comprometida. Al\u00e9m disso, a condu\u00e7\u00e3o com um circuito de ilumina\u00e7\u00e3o defeituoso pode resultar em multas e falha na inspe\u00e7\u00e3o veicular.<\/p>\n<h2>Reparos Comuns para o B1472<\/h2>\n<p>Os reparos para o c\u00f3digo B1472 geralmente envolvem:<\/p>\n<ul>\n<li><b>Reparo ou substitui\u00e7\u00e3o da fia\u00e7\u00e3o:<\/b> Se o chicote estiver danificado, pode ser necess\u00e1rio reparar a se\u00e7\u00e3o afetada ou substituir todo o chicote, se o dano for extenso.<\/li>\n<li><b>Substitui\u00e7\u00e3o do conector da l\u00e2mpada:<\/b> Conectores corro\u00eddos ou danificados devem ser substitu\u00eddos para garantir uma conex\u00e3o segura.<\/li>\n<li><b>Troca da l\u00e2mpada:<\/b> Se a l\u00e2mpada for a causa do curto, ela precisa ser substitu\u00edda.<\/li>\n<li><b>Limpeza e verifica\u00e7\u00e3o dos pontos de aterramento:<\/b> Garantir que os pontos de aterramento estejam limpos e firmemente fixados ao chassi.<\/li>\n<\/ul>\n<h2>Erros Comuns no Diagn\u00f3stico<\/h2>\n<p>Um erro comum \u00e9 assumir que a l\u00e2mpada est\u00e1 queimada sem verificar o circuito. Um curto para o terra pode impedir a l\u00e2mpada de acender, simulando uma l\u00e2mpada queimada, mas a causa raiz \u00e9 o curto no circuito.<\/p>\n<h2>Quando Procurar um Especialista<\/h2>\n<p>Se ap\u00f3s uma inspe\u00e7\u00e3o visual da fia\u00e7\u00e3o, conectores e l\u00e2mpadas, o problema persistir, \u00e9 aconselh\u00e1vel procurar um eletricista automotivo especializado. O diagn\u00f3stico de curtos-circuitos em sistemas eletr\u00f4nicos complexos de ilumina\u00e7\u00e3o pode exigir equipamentos espec\u00edficos e conhecimento profundo dos diagramas el\u00e9tricos.<\/p>\n","protected":false},"excerpt":{"rendered":"O B1472 Fiat acusa curto-circuito para o terra no circuito de entrada da l\u00e2mpada do farol. Afeta a ilumina\u00e7\u00e3o frontal e requer aten\u00e7\u00e3o imediata.","protected":false},"author":1,"featured_media":0,"comment_status":"open","ping_status":"open","sticky":false,"template":"","format":"standard","meta":{"csco_display_header_overlay":false,"csco_singular_sidebar":"","csco_page_header_type":"","csco_page_load_nextpost":"","csco_page_reading_time":"","csco_page_toc_navigation":"","csco_post_video_location":[],"csco_post_video_location_hash":"","csco_post_video_url":"","csco_post_video_bg_start_time":0,"csco_post_video_bg_end_time":0,"csco_post_video_bg_volume":false,"footnotes":""},"categories":[19708,13,79,101],"tags":[3741,914,1812,1813,9078,33495,30489,71],"class_list":{"0":"post-16140","1":"post","2":"type-post","3":"status-publish","4":"format-standard","6":"category-conforto-e-eletrica","7":"category-diagnostico-dtc","8":"category-dtcs-carroceria","9":"category-fiat","10":"tag-abertura-eletrica","11":"tag-b0014-fiat","12":"tag-b1472","13":"tag-b1472-fiat","14":"tag-b1568-ford-circuito-farol-alto","15":"tag-controle-de-diagnostico","16":"tag-controle-iluminacao","17":"tag-curto-circuito","18":"cs-entry","19":"cs-video-wrap"},"yoast_head":"<!-- This site is optimized with the Yoast SEO plugin v27.0 - https:\/\/yoast.com\/product\/yoast-seo-wordpress\/ -->\r\n<title>B1472 Fiat: Curto no Circuito da L\u00e2mpada do Farol - Oficina Conectada | DTC e C\u00f3digos de Falha<\/title>\r\n<meta name=\"robots\" content=\"index, follow, max-snippet:-1, max-image-preview:large, max-video-preview:-1\" \/>\r\n<link rel=\"canonical\" href=\"https:\/\/oficinaconectada.com.br\/dtc\/sem-categoria\/b1472-fiat\/\" \/>\r\n<meta property=\"og:locale\" content=\"pt_BR\" \/>\r\n<meta property=\"og:type\" content=\"article\" \/>\r\n<meta property=\"og:title\" content=\"B1472 Fiat: Curto no Circuito da L\u00e2mpada do Farol - Oficina Conectada | DTC e C\u00f3digos de Falha\" \/>\r\n<meta property=\"og:description\" content=\"O B1472 Fiat acusa curto-circuito para o terra no circuito de entrada da l\u00e2mpada do farol. Afeta a ilumina\u00e7\u00e3o frontal e requer aten\u00e7\u00e3o imediata.\" \/>\r\n<meta property=\"og:url\" content=\"https:\/\/oficinaconectada.com.br\/dtc\/sem-categoria\/b1472-fiat\/\" \/>\r\n<meta property=\"og:site_name\" content=\"Oficina Conectada | DTC e C\u00f3digos de Falha\" \/>\r\n<meta property=\"article:published_time\" content=\"2026-04-14T03:07:11+00:00\" \/>\r\n<meta name=\"author\" content=\"Pablo Eduardo\" \/>\r\n<meta name=\"twitter:card\" content=\"summary_large_image\" \/>\r\n<meta name=\"twitter:label1\" content=\"Escrito por\" \/>\n\t<meta name=\"twitter:data1\" content=\"Pablo Eduardo\" \/>\n\t<meta name=\"twitter:label2\" content=\"Est. tempo de leitura\" \/>\n\t<meta name=\"twitter:data2\" content=\"6 minutos\" \/>\r\n<script type=\"application\/ld+json\" class=\"yoast-schema-graph\">{\"@context\":\"https:\/\/schema.org\",\"@graph\":[{\"@type\":\"Article\",\"@id\":\"https:\/\/oficinaconectada.com.br\/dtc\/sem-categoria\/b1472-fiat\/#article\",\"isPartOf\":{\"@id\":\"https:\/\/oficinaconectada.com.br\/dtc\/sem-categoria\/b1472-fiat\/\"},\"author\":{\"name\":\"Pablo Eduardo\",\"@id\":\"https:\/\/oficinaconectada.com.br\/dtc\/#\/schema\/person\/b05379d5192b1bb9ea5fb9936b746b78\"},\"headline\":\"B1472 Fiat: Curto no Circuito da L\u00e2mpada do Farol\",\"datePublished\":\"2026-04-14T03:07:11+00:00\",\"mainEntityOfPage\":{\"@id\":\"https:\/\/oficinaconectada.com.br\/dtc\/sem-categoria\/b1472-fiat\/\"},\"wordCount\":1113,\"commentCount\":0,\"publisher\":{\"@id\":\"https:\/\/oficinaconectada.com.br\/dtc\/#organization\"},\"keywords\":[\"abertura el\u00e9trica\",\"B0014 Fiat\",\"B1472\",\"B1472 Fiat\",\"B1568 Ford circuito farol alto\",\"controle de diagn\u00f3stico\",\"controle ilumina\u00e7\u00e3o\",\"curto circuito\"],\"articleSection\":[\"Conforto e El\u00e9trica\",\"Diagn\u00f3stico DTC\",\"DTCs Carroceria\",\"Fiat\"],\"inLanguage\":\"pt-BR\",\"potentialAction\":[{\"@type\":\"CommentAction\",\"name\":\"Comment\",\"target\":[\"https:\/\/oficinaconectada.com.br\/dtc\/sem-categoria\/b1472-fiat\/#respond\"]}]},{\"@type\":\"WebPage\",\"@id\":\"https:\/\/oficinaconectada.com.br\/dtc\/sem-categoria\/b1472-fiat\/\",\"url\":\"https:\/\/oficinaconectada.com.br\/dtc\/sem-categoria\/b1472-fiat\/\",\"name\":\"B1472 Fiat: Curto no Circuito da L\u00e2mpada do Farol - Oficina Conectada | DTC e C\u00f3digos de Falha\",\"isPartOf\":{\"@id\":\"https:\/\/oficinaconectada.com.br\/dtc\/#website\"},\"datePublished\":\"2026-04-14T03:07:11+00:00\",\"breadcrumb\":{\"@id\":\"https:\/\/oficinaconectada.com.br\/dtc\/sem-categoria\/b1472-fiat\/#breadcrumb\"},\"inLanguage\":\"pt-BR\",\"potentialAction\":[{\"@type\":\"ReadAction\",\"target\":[\"https:\/\/oficinaconectada.com.br\/dtc\/sem-categoria\/b1472-fiat\/\"]}]},{\"@type\":\"BreadcrumbList\",\"@id\":\"https:\/\/oficinaconectada.com.br\/dtc\/sem-categoria\/b1472-fiat\/#breadcrumb\",\"itemListElement\":[{\"@type\":\"ListItem\",\"position\":1,\"name\":\"Home\",\"item\":\"https:\/\/oficinaconectada.com.br\/dtc\/\"},{\"@type\":\"ListItem\",\"position\":2,\"name\":\"B1472 Fiat: Curto no Circuito da L\u00e2mpada do Farol\"}]},{\"@type\":\"WebSite\",\"@id\":\"https:\/\/oficinaconectada.com.br\/dtc\/#website\",\"url\":\"https:\/\/oficinaconectada.com.br\/dtc\/\",\"name\":\"Oficina Conectada | C\u00f3digos de Falha DTC\",\"description\":\"A Oficina Conectada \u00e9 o primeiro passo para o diagn\u00f3stico lucrativo. Consulte c\u00f3digos de falha DTC e OBD2 com causas, sintomas e solu\u00e7\u00f5es profissionais.\",\"publisher\":{\"@id\":\"https:\/\/oficinaconectada.com.br\/dtc\/#organization\"},\"potentialAction\":[{\"@type\":\"SearchAction\",\"target\":{\"@type\":\"EntryPoint\",\"urlTemplate\":\"https:\/\/oficinaconectada.com.br\/dtc\/?s={search_term_string}\"},\"query-input\":{\"@type\":\"PropertyValueSpecification\",\"valueRequired\":true,\"valueName\":\"search_term_string\"}}],\"inLanguage\":\"pt-BR\"},{\"@type\":\"Organization\",\"@id\":\"https:\/\/oficinaconectada.com.br\/dtc\/#organization\",\"name\":\"Oficina Conectada | C\u00f3digos de Falha DTC\",\"url\":\"https:\/\/oficinaconectada.com.br\/dtc\/\",\"logo\":{\"@type\":\"ImageObject\",\"inLanguage\":\"pt-BR\",\"@id\":\"https:\/\/oficinaconectada.com.br\/dtc\/#\/schema\/logo\/image\/\",\"url\":\"https:\/\/oficinaconectada.com.br\/dtc\/wp-content\/uploads\/2026\/02\/OficinaConectadaDTC.png\",\"contentUrl\":\"https:\/\/oficinaconectada.com.br\/dtc\/wp-content\/uploads\/2026\/02\/OficinaConectadaDTC.png\",\"width\":245,\"height\":100,\"caption\":\"Oficina Conectada | C\u00f3digos de Falha DTC\"},\"image\":{\"@id\":\"https:\/\/oficinaconectada.com.br\/dtc\/#\/schema\/logo\/image\/\"}},{\"@type\":\"Person\",\"@id\":\"https:\/\/oficinaconectada.com.br\/dtc\/#\/schema\/person\/b05379d5192b1bb9ea5fb9936b746b78\",\"name\":\"Pablo Eduardo\",\"image\":{\"@type\":\"ImageObject\",\"inLanguage\":\"pt-BR\",\"@id\":\"https:\/\/oficinaconectada.com.br\/dtc\/#\/schema\/person\/image\/\",\"url\":\"https:\/\/secure.gravatar.com\/avatar\/36a476f36de7a3b4526c6c4d1c99c240610b4949b92294d4de2634b206fdbfc6?s=96&d=mm&r=g\",\"contentUrl\":\"https:\/\/secure.gravatar.com\/avatar\/36a476f36de7a3b4526c6c4d1c99c240610b4949b92294d4de2634b206fdbfc6?s=96&d=mm&r=g\",\"caption\":\"Pablo Eduardo\"},\"sameAs\":[\"https:\/\/oficinaconectada.com.br\/dtc\"],\"url\":\"https:\/\/oficinaconectada.com.br\/dtc\/author\/pablo-eduardo\/\"}]}<\/script>\r\n<!-- \/ Yoast SEO plugin. -->","yoast_head_json":{"title":"B1472 Fiat: Curto no Circuito da L\u00e2mpada do Farol - Oficina Conectada | DTC e C\u00f3digos de Falha","robots":{"index":"index","follow":"follow","max-snippet":"max-snippet:-1","max-image-preview":"max-image-preview:large","max-video-preview":"max-video-preview:-1"},"canonical":"https:\/\/oficinaconectada.com.br\/dtc\/sem-categoria\/b1472-fiat\/","og_locale":"pt_BR","og_type":"article","og_title":"B1472 Fiat: Curto no Circuito da L\u00e2mpada do Farol - Oficina Conectada | DTC e C\u00f3digos de Falha","og_description":"O B1472 Fiat acusa curto-circuito para o terra no circuito de entrada da l\u00e2mpada do farol. Afeta a ilumina\u00e7\u00e3o frontal e requer aten\u00e7\u00e3o imediata.","og_url":"https:\/\/oficinaconectada.com.br\/dtc\/sem-categoria\/b1472-fiat\/","og_site_name":"Oficina Conectada | DTC e C\u00f3digos de Falha","article_published_time":"2026-04-14T03:07:11+00:00","author":"Pablo Eduardo","twitter_card":"summary_large_image","twitter_misc":{"Escrito por":"Pablo Eduardo","Est. tempo de leitura":"6 minutos"},"schema":{"@context":"https:\/\/schema.org","@graph":[{"@type":"Article","@id":"https:\/\/oficinaconectada.com.br\/dtc\/sem-categoria\/b1472-fiat\/#article","isPartOf":{"@id":"https:\/\/oficinaconectada.com.br\/dtc\/sem-categoria\/b1472-fiat\/"},"author":{"name":"Pablo Eduardo","@id":"https:\/\/oficinaconectada.com.br\/dtc\/#\/schema\/person\/b05379d5192b1bb9ea5fb9936b746b78"},"headline":"B1472 Fiat: Curto no Circuito da L\u00e2mpada do Farol","datePublished":"2026-04-14T03:07:11+00:00","mainEntityOfPage":{"@id":"https:\/\/oficinaconectada.com.br\/dtc\/sem-categoria\/b1472-fiat\/"},"wordCount":1113,"commentCount":0,"publisher":{"@id":"https:\/\/oficinaconectada.com.br\/dtc\/#organization"},"keywords":["abertura el\u00e9trica","B0014 Fiat","B1472","B1472 Fiat","B1568 Ford circuito farol alto","controle de diagn\u00f3stico","controle ilumina\u00e7\u00e3o","curto circuito"],"articleSection":["Conforto e El\u00e9trica","Diagn\u00f3stico DTC","DTCs Carroceria","Fiat"],"inLanguage":"pt-BR","potentialAction":[{"@type":"CommentAction","name":"Comment","target":["https:\/\/oficinaconectada.com.br\/dtc\/sem-categoria\/b1472-fiat\/#respond"]}]},{"@type":"WebPage","@id":"https:\/\/oficinaconectada.com.br\/dtc\/sem-categoria\/b1472-fiat\/","url":"https:\/\/oficinaconectada.com.br\/dtc\/sem-categoria\/b1472-fiat\/","name":"B1472 Fiat: Curto no Circuito da L\u00e2mpada do Farol - Oficina Conectada | DTC e C\u00f3digos de Falha","isPartOf":{"@id":"https:\/\/oficinaconectada.com.br\/dtc\/#website"},"datePublished":"2026-04-14T03:07:11+00:00","breadcrumb":{"@id":"https:\/\/oficinaconectada.com.br\/dtc\/sem-categoria\/b1472-fiat\/#breadcrumb"},"inLanguage":"pt-BR","potentialAction":[{"@type":"ReadAction","target":["https:\/\/oficinaconectada.com.br\/dtc\/sem-categoria\/b1472-fiat\/"]}]},{"@type":"BreadcrumbList","@id":"https:\/\/oficinaconectada.com.br\/dtc\/sem-categoria\/b1472-fiat\/#breadcrumb","itemListElement":[{"@type":"ListItem","position":1,"name":"Home","item":"https:\/\/oficinaconectada.com.br\/dtc\/"},{"@type":"ListItem","position":2,"name":"B1472 Fiat: Curto no Circuito da L\u00e2mpada do Farol"}]},{"@type":"WebSite","@id":"https:\/\/oficinaconectada.com.br\/dtc\/#website","url":"https:\/\/oficinaconectada.com.br\/dtc\/","name":"Oficina Conectada | C\u00f3digos de Falha DTC","description":"A Oficina Conectada \u00e9 o primeiro passo para o diagn\u00f3stico lucrativo. Consulte c\u00f3digos de falha DTC e OBD2 com causas, sintomas e solu\u00e7\u00f5es profissionais.","publisher":{"@id":"https:\/\/oficinaconectada.com.br\/dtc\/#organization"},"potentialAction":[{"@type":"SearchAction","target":{"@type":"EntryPoint","urlTemplate":"https:\/\/oficinaconectada.com.br\/dtc\/?s={search_term_string}"},"query-input":{"@type":"PropertyValueSpecification","valueRequired":true,"valueName":"search_term_string"}}],"inLanguage":"pt-BR"},{"@type":"Organization","@id":"https:\/\/oficinaconectada.com.br\/dtc\/#organization","name":"Oficina Conectada | C\u00f3digos de Falha DTC","url":"https:\/\/oficinaconectada.com.br\/dtc\/","logo":{"@type":"ImageObject","inLanguage":"pt-BR","@id":"https:\/\/oficinaconectada.com.br\/dtc\/#\/schema\/logo\/image\/","url":"https:\/\/oficinaconectada.com.br\/dtc\/wp-content\/uploads\/2026\/02\/OficinaConectadaDTC.png","contentUrl":"https:\/\/oficinaconectada.com.br\/dtc\/wp-content\/uploads\/2026\/02\/OficinaConectadaDTC.png","width":245,"height":100,"caption":"Oficina Conectada | C\u00f3digos de Falha DTC"},"image":{"@id":"https:\/\/oficinaconectada.com.br\/dtc\/#\/schema\/logo\/image\/"}},{"@type":"Person","@id":"https:\/\/oficinaconectada.com.br\/dtc\/#\/schema\/person\/b05379d5192b1bb9ea5fb9936b746b78","name":"Pablo Eduardo","image":{"@type":"ImageObject","inLanguage":"pt-BR","@id":"https:\/\/oficinaconectada.com.br\/dtc\/#\/schema\/person\/image\/","url":"https:\/\/secure.gravatar.com\/avatar\/36a476f36de7a3b4526c6c4d1c99c240610b4949b92294d4de2634b206fdbfc6?s=96&d=mm&r=g","contentUrl":"https:\/\/secure.gravatar.com\/avatar\/36a476f36de7a3b4526c6c4d1c99c240610b4949b92294d4de2634b206fdbfc6?s=96&d=mm&r=g","caption":"Pablo Eduardo"},"sameAs":["https:\/\/oficinaconectada.com.br\/dtc"],"url":"https:\/\/oficinaconectada.com.br\/dtc\/author\/pablo-eduardo\/"}]}},"yoast_title":"","yoast_metadesc":"","yoast_focus_keyword":"","yoast_readability":"","yoast_keyword_density":"","_links":{"self":[{"href":"https:\/\/oficinaconectada.com.br\/dtc\/wp-json\/wp\/v2\/posts\/16140","targetHints":{"allow":["GET"]}}],"collection":[{"href":"https:\/\/oficinaconectada.com.br\/dtc\/wp-json\/wp\/v2\/posts"}],"about":[{"href":"https:\/\/oficinaconectada.com.br\/dtc\/wp-json\/wp\/v2\/types\/post"}],"author":[{"embeddable":true,"href":"https:\/\/oficinaconectada.com.br\/dtc\/wp-json\/wp\/v2\/users\/1"}],"replies":[{"embeddable":true,"href":"https:\/\/oficinaconectada.com.br\/dtc\/wp-json\/wp\/v2\/comments?post=16140"}],"version-history":[{"count":0,"href":"https:\/\/oficinaconectada.com.br\/dtc\/wp-json\/wp\/v2\/posts\/16140\/revisions"}],"wp:attachment":[{"href":"https:\/\/oficinaconectada.com.br\/dtc\/wp-json\/wp\/v2\/media?parent=16140"}],"wp:term":[{"taxonomy":"category","embeddable":true,"href":"https:\/\/oficinaconectada.com.br\/dtc\/wp-json\/wp\/v2\/categories?post=16140"},{"taxonomy":"post_tag","embeddable":true,"href":"https:\/\/oficinaconectada.com.br\/dtc\/wp-json\/wp\/v2\/tags?post=16140"}],"curies":[{"name":"wp","href":"https:\/\/api.w.org\/{rel}","templated":true}]}}