{"id":16098,"date":"2026-04-13T23:48:54","date_gmt":"2026-04-14T02:48:54","guid":{"rendered":"https:\/\/oficinaconectada.com.br\/dtc\/sem-categoria\/b1425-fiat\/"},"modified":"2026-04-13T23:48:54","modified_gmt":"2026-04-14T02:48:54","slug":"b1425-fiat","status":"publish","type":"post","link":"https:\/\/oficinaconectada.com.br\/dtc\/diagnostico-dtc\/b1425-fiat\/","title":{"rendered":"B1425 Fiat: Vidro El\u00e9trico Travado (Curto Terra)"},"content":{"rendered":"<h1>C\u00f3digo B1425 Fiat: Diagn\u00f3stico de Curto Terra no Motor do Vidro El\u00e9trico Traseiro<\/h1>\n<p>O <b>c\u00f3digo B1425<\/b> em ve\u00edculos Fiat \u00e9 classificado como um DTC de Carroceria (Body), indicando um problema espec\u00edfico no circuito do motor do <b>vidro el\u00e9trico traseiro<\/b>. Especificamente, aponta para um <b>curto circuito para o terra<\/b> (Short To Ground).<\/p>\n<h2>O que significa B1425?<\/h2>\n<p><b>B1425<\/b> em um Fiat significa que a central eletr\u00f4nica do ve\u00edculo detectou uma condi\u00e7\u00e3o onde o circuito de alimenta\u00e7\u00e3o do motor do vidro el\u00e9trico traseiro est\u00e1 conectado diretamente ao chassi (terra) em vez de receber a voltagem adequada para operar. Isso impede o funcionamento correto do sistema de vidro el\u00e9trico naquela porta.<\/p>\n<h2>Causas Comuns do B1425<\/h2>\n<p>Diversos fatores podem levar ao acionamento do c\u00f3digo B1425:<\/p>\n<ul>\n<li><b>Fia\u00e7\u00e3o Danificada:<\/b> O isolamento dos fios que conduzem a energia para o motor do vidro el\u00e9trico, especialmente na \u00e1rea da porta e dobradi\u00e7as, pode se romper. Isso permite que o fio positivo toque o chassi do ve\u00edculo.<\/li>\n<li><b>Conector Corro\u00eddo ou Solto:<\/b> A corros\u00e3o ou o mau contato nos conectores do motor do vidro el\u00e9trico ou na caixa de fus\u00edveis\/rel\u00e9s podem criar caminhos indesejados para o terra.<\/li>\n<li><b>Motor do Vidro El\u00e9trico Defeituoso:<\/b> Internamente, o motor pode ter sofrido um curto-circuito em suas bobinas, levando a energia para o terra.<\/li>\n<li><b>Interruptor do Vidro El\u00e9trico com Problemas:<\/b> O pr\u00f3prio interruptor (bot\u00e3o) do vidro el\u00e9trico pode ter um curto interno, ligando o circuito de alimenta\u00e7\u00e3o ao terra.<\/li>\n<li><b>Instala\u00e7\u00e3o Inadequada de Acess\u00f3rios:<\/b> A instala\u00e7\u00e3o incorreta de alarmes, travas el\u00e9tricas ou outros sistemas na mesma fia\u00e7\u00e3o pode causar interfer\u00eancias e curtos.<\/li>\n<\/ul>\n<h2>Como Diagnosticar o B1425<\/h2>\n<p>O diagn\u00f3stico do <b>B1425 Fiat<\/b> requer aten\u00e7\u00e3o aos detalhes do sistema el\u00e9trico da porta e da fia\u00e7\u00e3o:<\/p>\n<ol>\n<li><b>Conectar Scanner OBD2:<\/b> Utilize um scanner compat\u00edvel com ve\u00edculos Fiat para confirmar o c\u00f3digo e verificar outros DTCs relacionados.<\/li>\n<li><b>Inspecionar a Fia\u00e7\u00e3o da Porta:<\/b> Examine cuidadosamente a fia\u00e7\u00e3o que passa pela borracha da dobradi\u00e7a da porta. Procure por cortes, esmagamentos ou sinais de derretimento no isolamento.<\/li>\n<li><b>Testar o Motor do Vidro El\u00e9trico:<\/b> Desconecte o motor do vidro el\u00e9trico e teste sua resist\u00eancia entre os terminais e a carca\u00e7a do motor. Se houver continuidade para o terra, o motor est\u00e1 em curto.<\/li>\n<li><b>Verificar o Interruptor do Vidro El\u00e9trico:<\/b> Com um mult\u00edmetro, teste o interruptor para identificar curtos entre os pinos de alimenta\u00e7\u00e3o e terra.<\/li>\n<li><b>Inspe\u00e7\u00e3o Visual dos Conectores:<\/b> Verifique os conectores do motor do vidro el\u00e9trico e do interruptor por corros\u00e3o, pinos tortos ou soltos.<\/li>\n<\/ol>\n<h2>Diagrama El\u00e9trico e Teste de Circuito<\/h2>\n<p>Para diagnosticar o <b>B1425<\/b> com precis\u00e3o em um Fiat, consulte o <b>diagrama el\u00e9trico no DIAGWEB<\/b>:<\/p>\n<ul>\n<li><b>DIAGWEB:<\/b> Pesquise por Fiat [Ano\/Modelo] \u2192 Sistema de Carroceria \u2192 Vidros El\u00e9tricos \u2192 Porta Traseira Direita (ou Esquerda, dependendo do caso).<\/li>\n<li><b>Identificar o Circuito do Motor:<\/b> O diagrama mostrar\u00e1 os pinos do motor do vidro el\u00e9trico na ECU de Carroceria ou no m\u00f3dulo de controle de porta (se houver). Ele detalha a alimenta\u00e7\u00e3o (geralmente positiva direta ap\u00f3s fus\u00edvel\/rel\u00e9) e o retorno para terra.<\/li>\n<li><b>Teste de Continuidade e Voltagem:<\/b> Com o mult\u00edmetro, desconecte o motor e verifique se h\u00e1 continuidade entre o fio de alimenta\u00e7\u00e3o (positivo) e o chassi. O esperado \u00e9 que n\u00e3o haja continuidade. Se houver, o problema est\u00e1 na fia\u00e7\u00e3o ou no interruptor.<\/li>\n<li><b>Verifica\u00e7\u00e3o no M\u00f3dulo de Controle:<\/b> Se o diagrama indicar um m\u00f3dulo de controle para a porta, verifique os pinos de sa\u00edda para o motor.<\/li>\n<li><b>Fus\u00edveis e Rel\u00e9s:<\/b> Confirme se os fus\u00edveis e rel\u00e9s associados ao sistema de vidro el\u00e9trico est\u00e3o em bom estado e recebendo alimenta\u00e7\u00e3o correta.<\/li>\n<\/ul>\n<p>O diagrama do <b>DIAGWEB<\/b> \u00e9 fundamental para entender a l\u00f3gica de funcionamento e identificar os pontos de teste corretos, evitando diagn\u00f3sticos errados.<\/p>\n<h2>B1425 Afeta Qual Porta?<\/h2>\n<p>O c\u00f3digo B1425 \u00e9 geralmente espec\u00edfico para uma das portas traseiras. Dependendo do modelo Fiat, pode se referir ao <b>vidro el\u00e9trico traseiro direito<\/b> ou ao <b>vidro el\u00e9trico traseiro esquerdo<\/b>. A descri\u00e7\u00e3o exata do DTC no scanner indicar\u00e1 qual porta est\u00e1 com o problema.<\/p>\n<h2>Posso Dirigir com B1425 Ativo?<\/h2>\n<p>Sim, \u00e9 poss\u00edvel dirigir com o c\u00f3digo B1425 ativo, pois o problema est\u00e1 restrito ao sistema de vidro el\u00e9trico de uma porta. No entanto, o vidro afetado n\u00e3o funcionar\u00e1. A principal preocupa\u00e7\u00e3o \u00e9 a causa subjacente, que pode ser um curto que, em casos extremos e persistentes, pode afetar outros sistemas eletr\u00f4nicos ou drenar a bateria.<\/p>\n<h2>Reparos Comuns para B1425<\/h2>\n<p>A solu\u00e7\u00e3o para o B1425 geralmente envolve:<\/p>\n<ul>\n<li><b>Reparo ou Substitui\u00e7\u00e3o da Fia\u00e7\u00e3o Danificada:<\/b> Em muitos casos, o reparo da fia\u00e7\u00e3o isolada ou a substitui\u00e7\u00e3o do chicote da porta resolve o problema.<\/li>\n<li><b>Substitui\u00e7\u00e3o do Motor do Vidro El\u00e9trico:<\/b> Se o motor estiver em curto, a substitui\u00e7\u00e3o \u00e9 necess\u00e1ria.<\/li>\n<li><b>Substitui\u00e7\u00e3o do Interruptor do Vidro El\u00e9trico:<\/b> Se o interruptor estiver com defeito e causando o curto.<\/li>\n<li><b>Limpeza ou Substitui\u00e7\u00e3o de Conectores:<\/b> Se a corros\u00e3o for a causa, a limpeza e a aplica\u00e7\u00e3o de um spray diel\u00e9trico podem ser suficientes, ou a substitui\u00e7\u00e3o do conector.<\/li>\n<\/ul>\n","protected":false},"excerpt":{"rendered":"O c\u00f3digo B1425 Fiat aponta para um curto circuito para o terra no circuito do motor do vidro el\u00e9trico traseiro. Identifique a causa e restaure a funcionalidade.","protected":false},"author":1,"featured_media":0,"comment_status":"open","ping_status":"open","sticky":false,"template":"","format":"standard","meta":{"csco_display_header_overlay":false,"csco_singular_sidebar":"","csco_page_header_type":"","csco_page_load_nextpost":"","csco_page_reading_time":"","csco_page_toc_navigation":"","csco_post_video_location":[],"csco_post_video_location_hash":"","csco_post_video_url":"","csco_post_video_bg_start_time":0,"csco_post_video_bg_end_time":0,"csco_post_video_bg_volume":false,"footnotes":""},"categories":[19708,13,79,101],"tags":[914,1405,33877,1714,1715,910,33495,42],"class_list":{"0":"post-16098","1":"post","2":"type-post","3":"status-publish","4":"format-standard","6":"category-conforto-e-eletrica","7":"category-diagnostico-dtc","8":"category-dtcs-carroceria","9":"category-fiat","10":"tag-b0014-fiat","11":"tag-b1283-fiat-curto-terra","12":"tag-b1409-fiat-circuito-vidro-eletrico","13":"tag-b1425","14":"tag-b1425-fiat","15":"tag-carroceria","16":"tag-controle-de-diagnostico","17":"tag-eletronica-veicular","18":"cs-entry","19":"cs-video-wrap"},"yoast_head":"<!-- This site is optimized with the Yoast SEO plugin v27.0 - https:\/\/yoast.com\/product\/yoast-seo-wordpress\/ -->\r\n<title>B1425 Fiat: Vidro El\u00e9trico Travado (Curto Terra) - Oficina Conectada | DTC e C\u00f3digos de Falha<\/title>\r\n<meta name=\"robots\" content=\"index, follow, max-snippet:-1, max-image-preview:large, max-video-preview:-1\" \/>\r\n<link rel=\"canonical\" href=\"https:\/\/oficinaconectada.com.br\/dtc\/sem-categoria\/b1425-fiat\/\" \/>\r\n<meta property=\"og:locale\" content=\"pt_BR\" \/>\r\n<meta property=\"og:type\" content=\"article\" \/>\r\n<meta property=\"og:title\" content=\"B1425 Fiat: Vidro El\u00e9trico Travado (Curto Terra) - Oficina Conectada | DTC e C\u00f3digos de Falha\" \/>\r\n<meta property=\"og:description\" content=\"O c\u00f3digo B1425 Fiat aponta para um curto circuito para o terra no circuito do motor do vidro el\u00e9trico traseiro. Identifique a causa e restaure a funcionalidade.\" \/>\r\n<meta property=\"og:url\" content=\"https:\/\/oficinaconectada.com.br\/dtc\/sem-categoria\/b1425-fiat\/\" \/>\r\n<meta property=\"og:site_name\" content=\"Oficina Conectada | DTC e C\u00f3digos de Falha\" \/>\r\n<meta property=\"article:published_time\" content=\"2026-04-14T02:48:54+00:00\" \/>\r\n<meta name=\"author\" content=\"Pablo Eduardo\" \/>\r\n<meta name=\"twitter:card\" content=\"summary_large_image\" \/>\r\n<meta name=\"twitter:label1\" content=\"Escrito por\" \/>\n\t<meta name=\"twitter:data1\" content=\"Pablo Eduardo\" \/>\n\t<meta name=\"twitter:label2\" content=\"Est. tempo de leitura\" \/>\n\t<meta name=\"twitter:data2\" content=\"5 minutos\" \/>\r\n<script type=\"application\/ld+json\" class=\"yoast-schema-graph\">{\"@context\":\"https:\/\/schema.org\",\"@graph\":[{\"@type\":\"Article\",\"@id\":\"https:\/\/oficinaconectada.com.br\/dtc\/sem-categoria\/b1425-fiat\/#article\",\"isPartOf\":{\"@id\":\"https:\/\/oficinaconectada.com.br\/dtc\/sem-categoria\/b1425-fiat\/\"},\"author\":{\"name\":\"Pablo Eduardo\",\"@id\":\"https:\/\/oficinaconectada.com.br\/dtc\/#\/schema\/person\/b05379d5192b1bb9ea5fb9936b746b78\"},\"headline\":\"B1425 Fiat: Vidro El\u00e9trico Travado (Curto Terra)\",\"datePublished\":\"2026-04-14T02:48:54+00:00\",\"mainEntityOfPage\":{\"@id\":\"https:\/\/oficinaconectada.com.br\/dtc\/sem-categoria\/b1425-fiat\/\"},\"wordCount\":907,\"commentCount\":0,\"publisher\":{\"@id\":\"https:\/\/oficinaconectada.com.br\/dtc\/#organization\"},\"keywords\":[\"B0014 Fiat\",\"B1283 Fiat curto terra\",\"B1409 Fiat circuito vidro el\u00e9trico\",\"B1425\",\"B1425 Fiat\",\"carroceria\",\"controle de diagn\u00f3stico\",\"eletr\u00f4nica veicular\"],\"articleSection\":[\"Conforto e El\u00e9trica\",\"Diagn\u00f3stico DTC\",\"DTCs Carroceria\",\"Fiat\"],\"inLanguage\":\"pt-BR\",\"potentialAction\":[{\"@type\":\"CommentAction\",\"name\":\"Comment\",\"target\":[\"https:\/\/oficinaconectada.com.br\/dtc\/sem-categoria\/b1425-fiat\/#respond\"]}]},{\"@type\":\"WebPage\",\"@id\":\"https:\/\/oficinaconectada.com.br\/dtc\/sem-categoria\/b1425-fiat\/\",\"url\":\"https:\/\/oficinaconectada.com.br\/dtc\/sem-categoria\/b1425-fiat\/\",\"name\":\"B1425 Fiat: Vidro El\u00e9trico Travado (Curto Terra) - Oficina Conectada | DTC e C\u00f3digos de Falha\",\"isPartOf\":{\"@id\":\"https:\/\/oficinaconectada.com.br\/dtc\/#website\"},\"datePublished\":\"2026-04-14T02:48:54+00:00\",\"breadcrumb\":{\"@id\":\"https:\/\/oficinaconectada.com.br\/dtc\/sem-categoria\/b1425-fiat\/#breadcrumb\"},\"inLanguage\":\"pt-BR\",\"potentialAction\":[{\"@type\":\"ReadAction\",\"target\":[\"https:\/\/oficinaconectada.com.br\/dtc\/sem-categoria\/b1425-fiat\/\"]}]},{\"@type\":\"BreadcrumbList\",\"@id\":\"https:\/\/oficinaconectada.com.br\/dtc\/sem-categoria\/b1425-fiat\/#breadcrumb\",\"itemListElement\":[{\"@type\":\"ListItem\",\"position\":1,\"name\":\"Home\",\"item\":\"https:\/\/oficinaconectada.com.br\/dtc\/\"},{\"@type\":\"ListItem\",\"position\":2,\"name\":\"B1425 Fiat: Vidro El\u00e9trico Travado (Curto Terra)\"}]},{\"@type\":\"WebSite\",\"@id\":\"https:\/\/oficinaconectada.com.br\/dtc\/#website\",\"url\":\"https:\/\/oficinaconectada.com.br\/dtc\/\",\"name\":\"Oficina Conectada | C\u00f3digos de Falha DTC\",\"description\":\"A Oficina Conectada \u00e9 o primeiro passo para o diagn\u00f3stico lucrativo. Consulte c\u00f3digos de falha DTC e OBD2 com causas, sintomas e solu\u00e7\u00f5es profissionais.\",\"publisher\":{\"@id\":\"https:\/\/oficinaconectada.com.br\/dtc\/#organization\"},\"potentialAction\":[{\"@type\":\"SearchAction\",\"target\":{\"@type\":\"EntryPoint\",\"urlTemplate\":\"https:\/\/oficinaconectada.com.br\/dtc\/?s={search_term_string}\"},\"query-input\":{\"@type\":\"PropertyValueSpecification\",\"valueRequired\":true,\"valueName\":\"search_term_string\"}}],\"inLanguage\":\"pt-BR\"},{\"@type\":\"Organization\",\"@id\":\"https:\/\/oficinaconectada.com.br\/dtc\/#organization\",\"name\":\"Oficina Conectada | C\u00f3digos de Falha DTC\",\"url\":\"https:\/\/oficinaconectada.com.br\/dtc\/\",\"logo\":{\"@type\":\"ImageObject\",\"inLanguage\":\"pt-BR\",\"@id\":\"https:\/\/oficinaconectada.com.br\/dtc\/#\/schema\/logo\/image\/\",\"url\":\"https:\/\/oficinaconectada.com.br\/dtc\/wp-content\/uploads\/2026\/02\/OficinaConectadaDTC.png\",\"contentUrl\":\"https:\/\/oficinaconectada.com.br\/dtc\/wp-content\/uploads\/2026\/02\/OficinaConectadaDTC.png\",\"width\":245,\"height\":100,\"caption\":\"Oficina Conectada | C\u00f3digos de Falha DTC\"},\"image\":{\"@id\":\"https:\/\/oficinaconectada.com.br\/dtc\/#\/schema\/logo\/image\/\"}},{\"@type\":\"Person\",\"@id\":\"https:\/\/oficinaconectada.com.br\/dtc\/#\/schema\/person\/b05379d5192b1bb9ea5fb9936b746b78\",\"name\":\"Pablo Eduardo\",\"image\":{\"@type\":\"ImageObject\",\"inLanguage\":\"pt-BR\",\"@id\":\"https:\/\/oficinaconectada.com.br\/dtc\/#\/schema\/person\/image\/\",\"url\":\"https:\/\/secure.gravatar.com\/avatar\/36a476f36de7a3b4526c6c4d1c99c240610b4949b92294d4de2634b206fdbfc6?s=96&d=mm&r=g\",\"contentUrl\":\"https:\/\/secure.gravatar.com\/avatar\/36a476f36de7a3b4526c6c4d1c99c240610b4949b92294d4de2634b206fdbfc6?s=96&d=mm&r=g\",\"caption\":\"Pablo Eduardo\"},\"sameAs\":[\"https:\/\/oficinaconectada.com.br\/dtc\"],\"url\":\"https:\/\/oficinaconectada.com.br\/dtc\/author\/pablo-eduardo\/\"}]}<\/script>\r\n<!-- \/ Yoast SEO plugin. -->","yoast_head_json":{"title":"B1425 Fiat: Vidro El\u00e9trico Travado (Curto Terra) - Oficina Conectada | DTC e C\u00f3digos de Falha","robots":{"index":"index","follow":"follow","max-snippet":"max-snippet:-1","max-image-preview":"max-image-preview:large","max-video-preview":"max-video-preview:-1"},"canonical":"https:\/\/oficinaconectada.com.br\/dtc\/sem-categoria\/b1425-fiat\/","og_locale":"pt_BR","og_type":"article","og_title":"B1425 Fiat: Vidro El\u00e9trico Travado (Curto Terra) - Oficina Conectada | DTC e C\u00f3digos de Falha","og_description":"O c\u00f3digo B1425 Fiat aponta para um curto circuito para o terra no circuito do motor do vidro el\u00e9trico traseiro. Identifique a causa e restaure a funcionalidade.","og_url":"https:\/\/oficinaconectada.com.br\/dtc\/sem-categoria\/b1425-fiat\/","og_site_name":"Oficina Conectada | DTC e C\u00f3digos de Falha","article_published_time":"2026-04-14T02:48:54+00:00","author":"Pablo Eduardo","twitter_card":"summary_large_image","twitter_misc":{"Escrito por":"Pablo Eduardo","Est. tempo de leitura":"5 minutos"},"schema":{"@context":"https:\/\/schema.org","@graph":[{"@type":"Article","@id":"https:\/\/oficinaconectada.com.br\/dtc\/sem-categoria\/b1425-fiat\/#article","isPartOf":{"@id":"https:\/\/oficinaconectada.com.br\/dtc\/sem-categoria\/b1425-fiat\/"},"author":{"name":"Pablo Eduardo","@id":"https:\/\/oficinaconectada.com.br\/dtc\/#\/schema\/person\/b05379d5192b1bb9ea5fb9936b746b78"},"headline":"B1425 Fiat: Vidro El\u00e9trico Travado (Curto Terra)","datePublished":"2026-04-14T02:48:54+00:00","mainEntityOfPage":{"@id":"https:\/\/oficinaconectada.com.br\/dtc\/sem-categoria\/b1425-fiat\/"},"wordCount":907,"commentCount":0,"publisher":{"@id":"https:\/\/oficinaconectada.com.br\/dtc\/#organization"},"keywords":["B0014 Fiat","B1283 Fiat curto terra","B1409 Fiat circuito vidro el\u00e9trico","B1425","B1425 Fiat","carroceria","controle de diagn\u00f3stico","eletr\u00f4nica veicular"],"articleSection":["Conforto e El\u00e9trica","Diagn\u00f3stico DTC","DTCs Carroceria","Fiat"],"inLanguage":"pt-BR","potentialAction":[{"@type":"CommentAction","name":"Comment","target":["https:\/\/oficinaconectada.com.br\/dtc\/sem-categoria\/b1425-fiat\/#respond"]}]},{"@type":"WebPage","@id":"https:\/\/oficinaconectada.com.br\/dtc\/sem-categoria\/b1425-fiat\/","url":"https:\/\/oficinaconectada.com.br\/dtc\/sem-categoria\/b1425-fiat\/","name":"B1425 Fiat: Vidro El\u00e9trico Travado (Curto Terra) - Oficina Conectada | DTC e C\u00f3digos de Falha","isPartOf":{"@id":"https:\/\/oficinaconectada.com.br\/dtc\/#website"},"datePublished":"2026-04-14T02:48:54+00:00","breadcrumb":{"@id":"https:\/\/oficinaconectada.com.br\/dtc\/sem-categoria\/b1425-fiat\/#breadcrumb"},"inLanguage":"pt-BR","potentialAction":[{"@type":"ReadAction","target":["https:\/\/oficinaconectada.com.br\/dtc\/sem-categoria\/b1425-fiat\/"]}]},{"@type":"BreadcrumbList","@id":"https:\/\/oficinaconectada.com.br\/dtc\/sem-categoria\/b1425-fiat\/#breadcrumb","itemListElement":[{"@type":"ListItem","position":1,"name":"Home","item":"https:\/\/oficinaconectada.com.br\/dtc\/"},{"@type":"ListItem","position":2,"name":"B1425 Fiat: Vidro El\u00e9trico Travado (Curto Terra)"}]},{"@type":"WebSite","@id":"https:\/\/oficinaconectada.com.br\/dtc\/#website","url":"https:\/\/oficinaconectada.com.br\/dtc\/","name":"Oficina Conectada | C\u00f3digos de Falha DTC","description":"A Oficina Conectada \u00e9 o primeiro passo para o diagn\u00f3stico lucrativo. Consulte c\u00f3digos de falha DTC e OBD2 com causas, sintomas e solu\u00e7\u00f5es profissionais.","publisher":{"@id":"https:\/\/oficinaconectada.com.br\/dtc\/#organization"},"potentialAction":[{"@type":"SearchAction","target":{"@type":"EntryPoint","urlTemplate":"https:\/\/oficinaconectada.com.br\/dtc\/?s={search_term_string}"},"query-input":{"@type":"PropertyValueSpecification","valueRequired":true,"valueName":"search_term_string"}}],"inLanguage":"pt-BR"},{"@type":"Organization","@id":"https:\/\/oficinaconectada.com.br\/dtc\/#organization","name":"Oficina Conectada | C\u00f3digos de Falha DTC","url":"https:\/\/oficinaconectada.com.br\/dtc\/","logo":{"@type":"ImageObject","inLanguage":"pt-BR","@id":"https:\/\/oficinaconectada.com.br\/dtc\/#\/schema\/logo\/image\/","url":"https:\/\/oficinaconectada.com.br\/dtc\/wp-content\/uploads\/2026\/02\/OficinaConectadaDTC.png","contentUrl":"https:\/\/oficinaconectada.com.br\/dtc\/wp-content\/uploads\/2026\/02\/OficinaConectadaDTC.png","width":245,"height":100,"caption":"Oficina Conectada | C\u00f3digos de Falha DTC"},"image":{"@id":"https:\/\/oficinaconectada.com.br\/dtc\/#\/schema\/logo\/image\/"}},{"@type":"Person","@id":"https:\/\/oficinaconectada.com.br\/dtc\/#\/schema\/person\/b05379d5192b1bb9ea5fb9936b746b78","name":"Pablo Eduardo","image":{"@type":"ImageObject","inLanguage":"pt-BR","@id":"https:\/\/oficinaconectada.com.br\/dtc\/#\/schema\/person\/image\/","url":"https:\/\/secure.gravatar.com\/avatar\/36a476f36de7a3b4526c6c4d1c99c240610b4949b92294d4de2634b206fdbfc6?s=96&d=mm&r=g","contentUrl":"https:\/\/secure.gravatar.com\/avatar\/36a476f36de7a3b4526c6c4d1c99c240610b4949b92294d4de2634b206fdbfc6?s=96&d=mm&r=g","caption":"Pablo Eduardo"},"sameAs":["https:\/\/oficinaconectada.com.br\/dtc"],"url":"https:\/\/oficinaconectada.com.br\/dtc\/author\/pablo-eduardo\/"}]}},"yoast_title":"","yoast_metadesc":"","yoast_focus_keyword":"","yoast_readability":"","yoast_keyword_density":"","_links":{"self":[{"href":"https:\/\/oficinaconectada.com.br\/dtc\/wp-json\/wp\/v2\/posts\/16098","targetHints":{"allow":["GET"]}}],"collection":[{"href":"https:\/\/oficinaconectada.com.br\/dtc\/wp-json\/wp\/v2\/posts"}],"about":[{"href":"https:\/\/oficinaconectada.com.br\/dtc\/wp-json\/wp\/v2\/types\/post"}],"author":[{"embeddable":true,"href":"https:\/\/oficinaconectada.com.br\/dtc\/wp-json\/wp\/v2\/users\/1"}],"replies":[{"embeddable":true,"href":"https:\/\/oficinaconectada.com.br\/dtc\/wp-json\/wp\/v2\/comments?post=16098"}],"version-history":[{"count":0,"href":"https:\/\/oficinaconectada.com.br\/dtc\/wp-json\/wp\/v2\/posts\/16098\/revisions"}],"wp:attachment":[{"href":"https:\/\/oficinaconectada.com.br\/dtc\/wp-json\/wp\/v2\/media?parent=16098"}],"wp:term":[{"taxonomy":"category","embeddable":true,"href":"https:\/\/oficinaconectada.com.br\/dtc\/wp-json\/wp\/v2\/categories?post=16098"},{"taxonomy":"post_tag","embeddable":true,"href":"https:\/\/oficinaconectada.com.br\/dtc\/wp-json\/wp\/v2\/tags?post=16098"}],"curies":[{"name":"wp","href":"https:\/\/api.w.org\/{rel}","templated":true}]}}