{"id":15848,"date":"2026-04-13T21:56:04","date_gmt":"2026-04-14T00:56:04","guid":{"rendered":"https:\/\/oficinaconectada.com.br\/dtc\/sem-categoria\/b0188-fiat\/"},"modified":"2026-04-13T21:56:04","modified_gmt":"2026-04-14T00:56:04","slug":"b0188-fiat","status":"publish","type":"post","link":"https:\/\/oficinaconectada.com.br\/dtc\/diagnostico-dtc\/b0188-fiat\/","title":{"rendered":"B0188 Fiat: Circuito do Sensor de Carga Solar"},"content":{"rendered":"<h1>C\u00f3digo B0188 Fiat: Diagn\u00f3stico Completo do Circuito do Sensor de Carga Solar<\/h1>\n<p>O <b>c\u00f3digo B0188<\/b> \u00e9 um c\u00f3digo de diagn\u00f3stico DTC (Diagnostic Trouble Code) que indica uma falha no circuito do sensor de carga solar em ve\u00edculos Fiat. Este sensor \u00e9 um componente essencial para o funcionamento correto do sistema de climatiza\u00e7\u00e3o autom\u00e1tica (Ar Condicionado Autom\u00e1tico), auxiliando no controle da temperatura interna com base na intensidade da luz solar.<\/p>\n<h2>O que significa B0188?<\/h2>\n<p><b>B0188<\/b> significa <b>Sunload Sensor Circuit<\/b>. O prefixo &#8216;B&#8217; indica um c\u00f3digo relacionado \u00e0 carroceria ou sistemas de conforto do ve\u00edculo, como o sistema de climatiza\u00e7\u00e3o. Quando este c\u00f3digo \u00e9 registrado, o m\u00f3dulo de controle do ar condicionado (HVAC module) detectou uma anomalia no circuito el\u00e9trico que alimenta ou recebe sinal do sensor de carga solar.<\/p>\n<h2>Fun\u00e7\u00e3o do Sensor de Carga Solar<\/h2>\n<p>O sensor de carga solar, tamb\u00e9m conhecido como sensor de luminosidade ou sensor de insola\u00e7\u00e3o, \u00e9 geralmente localizado no painel de instrumentos, pr\u00f3ximo ao para-brisa ou no teto. Sua fun\u00e7\u00e3o \u00e9 medir a intensidade da radia\u00e7\u00e3o solar que incide sobre o ve\u00edculo. Essa informa\u00e7\u00e3o \u00e9 enviada para o m\u00f3dulo de controle do climatizador, que ajusta automaticamente a sa\u00edda de ar e a temperatura para manter o conforto t\u00e9rmico dos ocupantes, compensando o aquecimento adicional causado pelo sol.<\/p>\n<h2>Causas Comuns do C\u00f3digo B0188<\/h2>\n<p>As causas mais frequentes para o c\u00f3digo B0188 Fiat incluem:<\/p>\n<ul>\n<li><b>Fia\u00e7\u00e3o danificada ou corro\u00edda:<\/b> Conectores soltos, fios partidos, isolamento comprometido ou corros\u00e3o nos terminais do chicote que liga o sensor ao m\u00f3dulo de controle.<\/li>\n<li><b>Sensor de carga solar defeituoso:<\/b> O pr\u00f3prio sensor pode ter falhado internamente, parando de enviar o sinal correto ou n\u00e3o respondendo.<\/li>\n<li><b>Conector do sensor sujo ou oxidado:<\/b> Ac\u00famulo de sujeira, umidade ou oxida\u00e7\u00e3o nos pinos do conector do sensor ou do m\u00f3dulo de controle.<\/li>\n<li><b>Falha no m\u00f3dulo de controle do HVAC:<\/b> Em casos mais raros, o m\u00f3dulo que recebe o sinal do sensor pode estar com defeito.<\/li>\n<li><b>Problemas de aterramento:<\/b> Uma conex\u00e3o de aterramento inadequada para o circuito do sensor pode gerar leituras incorretas.<\/li>\n<\/ul>\n<h2>Como Diagnosticar B0188 em Fiat<\/h2>\n<p>O diagn\u00f3stico preciso deste c\u00f3digo envolve a verifica\u00e7\u00e3o do circuito el\u00e9trico:<\/p>\n<ol>\n<li><b>Localiza\u00e7\u00e3o do Sensor:<\/b> Consulte o <b>diagrama el\u00e9trico no DIAGWEB<\/b> para identificar a localiza\u00e7\u00e3o exata do sensor de carga solar no modelo espec\u00edfico do Fiat.<\/li>\n<li><b>Inspe\u00e7\u00e3o Visual:<\/b> Verifique todo o chicote el\u00e9trico associado ao sensor, procurando por danos vis\u00edveis, cortes, esmagamentos ou sinais de corros\u00e3o.<\/li>\n<li><b>Verifica\u00e7\u00e3o de Conectores:<\/b> Desconecte o sensor e o m\u00f3dulo de controle (se acess\u00edvel) e inspecione os pinos e conectores em busca de sujeira, oxida\u00e7\u00e3o ou pinos tortos\/quebrados. Limpe os conectores com um limpador de contatos el\u00e9tricos.<\/li>\n<li><b>Teste de Tens\u00e3o e Continuidade:<\/b> Utilizando um mult\u00edmetro digital e o diagrama el\u00e9trico do DIAGWEB, teste a presen\u00e7a de tens\u00e3o de alimenta\u00e7\u00e3o (geralmente 5V ou 12V, dependendo do sistema) nos pinos corretos do conector do sensor. Verifique tamb\u00e9m a continuidade dos fios de sinal e aterramento entre o sensor e o m\u00f3dulo de controle.<\/li>\n<li><b>Teste do Sensor:<\/b> Se a fia\u00e7\u00e3o estiver intacta e com a alimenta\u00e7\u00e3o correta, o pr\u00f3ximo passo \u00e9 testar o sensor em si. O DIAGWEB pode fornecer as especifica\u00e7\u00f5es de resist\u00eancia ou a faixa de tens\u00e3o esperada do sensor em diferentes condi\u00e7\u00f5es de luminosidade.<\/li>\n<li><b>Verifica\u00e7\u00e3o do M\u00f3dulo HVAC:<\/b> Se todos os testes anteriores indicarem que o sensor e a fia\u00e7\u00e3o est\u00e3o corretos, o problema pode residir no m\u00f3dulo de controle do ar condicionado.<\/li>\n<\/ol>\n<h2>Diagrama El\u00e9trico e Teste de Circuito (DIAGWEB)<\/h2>\n<p>Para um diagn\u00f3stico eficiente do <b>c\u00f3digo B0188 Fiat<\/b>, o <b>diagrama el\u00e9trico obtido no DIAGWEB<\/b> \u00e9 indispens\u00e1vel. Procure no DIAGWEB por: <b>Fiat [Ano\/Modelo] \u2192 Sistema de Climatiza\u00e7\u00e3o (HVAC) \u2192 Sensor de Carga Solar<\/b>.<\/p>\n<p>O diagrama permitir\u00e1 identificar:<\/p>\n<ul>\n<li><b>Localiza\u00e7\u00e3o exata do sensor<\/b> no ve\u00edculo.<\/li>\n<li><b>Pinos do conector do sensor<\/b> e suas respectivas fun\u00e7\u00f5es (alimenta\u00e7\u00e3o, aterramento, sinal).<\/li>\n<li><b>Identifica\u00e7\u00e3o dos pinos correspondentes no m\u00f3dulo de controle do HVAC<\/b>.<\/li>\n<li><b>Valores esperados de tens\u00e3o e resist\u00eancia<\/b> do sensor em condi\u00e7\u00f5es normais de luminosidade.<\/li>\n<li><b>Rotas dos fios do chicote<\/b>, facilitando a inspe\u00e7\u00e3o e testes de continuidade.<\/li>\n<\/ul>\n<p>Sem o diagrama el\u00e9trico, o diagn\u00f3stico pode se tornar demorado e propenso a erros. O DIAGWEB fornece as informa\u00e7\u00f5es t\u00e9cnicas cruciais para identificar falhas de fia\u00e7\u00e3o, conectores ou do pr\u00f3prio sensor com precis\u00e3o.<\/p>\n<h2>Sintomas Associados ao B0188<\/h2>\n<p>Al\u00e9m do acendimento da luz de advert\u00eancia do sistema de climatiza\u00e7\u00e3o ou do \u00edcone do AC no painel, os sintomas comuns incluem:<\/p>\n<ul>\n<li>Controle de temperatura ineficiente ou inconsistente.<\/li>\n<li>O sistema de ar condicionado n\u00e3o reage adequadamente \u00e0 luz solar direta.<\/li>\n<li>Ajustes manuais s\u00e3o necess\u00e1rios com frequ\u00eancia.<\/li>\n<li>A sa\u00edda de ar pode n\u00e3o se ajustar conforme a necessidade para manter o conforto.<\/li>\n<\/ul>\n<h2>Quando um Mec\u00e2nico Deve Investigar?<\/h2>\n<p>Se o sistema de ar condicionado autom\u00e1tico do Fiat apresenta comportamento irregular, especialmente em dias ensolarados, e um scanner OBD2 indica o <b>c\u00f3digo B0188<\/b>, \u00e9 fundamental que um t\u00e9cnico realize o diagn\u00f3stico. A substitui\u00e7\u00e3o do sensor sem a devida verifica\u00e7\u00e3o do circuito el\u00e9trico pode levar \u00e0 substitui\u00e7\u00e3o de pe\u00e7as desnecess\u00e1rias.<\/p>\n<h2>Impacto no Sistema de Climatiza\u00e7\u00e3o<\/h2>\n<p>O sensor de carga solar \u00e9 parte integrante do sistema de climatiza\u00e7\u00e3o autom\u00e1tica. Uma falha em seu circuito impede que o sistema receba dados essenciais sobre a insola\u00e7\u00e3o, comprometendo sua capacidade de manter a temperatura interna est\u00e1vel e confort\u00e1vel. Isso pode resultar em desconforto para os ocupantes e exigir ajustes manuais constantes.<\/p>\n","protected":false},"excerpt":{"rendered":"O c\u00f3digo B0188 Fiat refere-se a uma falha no circuito do sensor de carga solar. Este sensor \u00e9 crucial para o sistema de climatiza\u00e7\u00e3o autom\u00e1tica do ve\u00edculo.","protected":false},"author":1,"featured_media":0,"comment_status":"open","ping_status":"open","sticky":false,"template":"","format":"standard","meta":{"csco_display_header_overlay":false,"csco_singular_sidebar":"","csco_page_header_type":"","csco_page_load_nextpost":"","csco_page_reading_time":"","csco_page_toc_navigation":"","csco_post_video_location":[],"csco_post_video_location_hash":"","csco_post_video_url":"","csco_post_video_bg_start_time":0,"csco_post_video_bg_end_time":0,"csco_post_video_bg_volume":false,"footnotes":""},"categories":[3486,13,1090,101],"tags":[28645,914,28861,1079,153,1080,33495,1048],"class_list":{"0":"post-15848","1":"post","2":"type-post","3":"status-publish","4":"format-standard","6":"category-aquecimento-e-climatizacao","7":"category-diagnostico-dtc","8":"category-dtcs-carroceria-conforto","9":"category-fiat","10":"tag-00382-renault-circuito-unidade-aquecimento","11":"tag-b0014-fiat","12":"tag-b0186-renault-sensor-carga-solar","13":"tag-b0188","14":"tag-climatizacao","15":"tag-codigo-b0188-fiat","16":"tag-controle-de-diagnostico","17":"tag-hvac","18":"cs-entry","19":"cs-video-wrap"},"yoast_head":"<!-- This site is optimized with the Yoast SEO plugin v27.0 - https:\/\/yoast.com\/product\/yoast-seo-wordpress\/ -->\r\n<title>B0188 Fiat: Circuito do Sensor de Carga Solar - Oficina Conectada | DTC e C\u00f3digos de Falha<\/title>\r\n<meta name=\"robots\" content=\"index, follow, max-snippet:-1, max-image-preview:large, max-video-preview:-1\" \/>\r\n<link rel=\"canonical\" href=\"https:\/\/oficinaconectada.com.br\/dtc\/sem-categoria\/b0188-fiat\/\" \/>\r\n<meta property=\"og:locale\" content=\"pt_BR\" \/>\r\n<meta property=\"og:type\" content=\"article\" \/>\r\n<meta property=\"og:title\" content=\"B0188 Fiat: Circuito do Sensor de Carga Solar - Oficina Conectada | DTC e C\u00f3digos de Falha\" \/>\r\n<meta property=\"og:description\" content=\"O c\u00f3digo B0188 Fiat refere-se a uma falha no circuito do sensor de carga solar. Este sensor \u00e9 crucial para o sistema de climatiza\u00e7\u00e3o autom\u00e1tica do ve\u00edculo.\" \/>\r\n<meta property=\"og:url\" content=\"https:\/\/oficinaconectada.com.br\/dtc\/sem-categoria\/b0188-fiat\/\" \/>\r\n<meta property=\"og:site_name\" content=\"Oficina Conectada | DTC e C\u00f3digos de Falha\" \/>\r\n<meta property=\"article:published_time\" content=\"2026-04-14T00:56:04+00:00\" \/>\r\n<meta name=\"author\" content=\"Pablo Eduardo\" \/>\r\n<meta name=\"twitter:card\" content=\"summary_large_image\" \/>\r\n<meta name=\"twitter:label1\" content=\"Escrito por\" \/>\n\t<meta name=\"twitter:data1\" content=\"Pablo Eduardo\" \/>\n\t<meta name=\"twitter:label2\" content=\"Est. tempo de leitura\" \/>\n\t<meta name=\"twitter:data2\" content=\"5 minutos\" \/>\r\n<script type=\"application\/ld+json\" class=\"yoast-schema-graph\">{\"@context\":\"https:\/\/schema.org\",\"@graph\":[{\"@type\":\"Article\",\"@id\":\"https:\/\/oficinaconectada.com.br\/dtc\/sem-categoria\/b0188-fiat\/#article\",\"isPartOf\":{\"@id\":\"https:\/\/oficinaconectada.com.br\/dtc\/sem-categoria\/b0188-fiat\/\"},\"author\":{\"name\":\"Pablo Eduardo\",\"@id\":\"https:\/\/oficinaconectada.com.br\/dtc\/#\/schema\/person\/b05379d5192b1bb9ea5fb9936b746b78\"},\"headline\":\"B0188 Fiat: Circuito do Sensor de Carga Solar\",\"datePublished\":\"2026-04-14T00:56:04+00:00\",\"mainEntityOfPage\":{\"@id\":\"https:\/\/oficinaconectada.com.br\/dtc\/sem-categoria\/b0188-fiat\/\"},\"wordCount\":983,\"commentCount\":0,\"publisher\":{\"@id\":\"https:\/\/oficinaconectada.com.br\/dtc\/#organization\"},\"keywords\":[\"00382 Renault circuito unidade aquecimento\",\"B0014 Fiat\",\"B0186 Renault sensor carga solar\",\"B0188\",\"climatiza\u00e7\u00e3o\",\"c\u00f3digo B0188 Fiat\",\"controle de diagn\u00f3stico\",\"HVAC\"],\"articleSection\":[\"Aquecimento e Climatiza\u00e7\u00e3o\",\"Diagn\u00f3stico DTC\",\"DTCs Carroceria\/Conforto\",\"Fiat\"],\"inLanguage\":\"pt-BR\",\"potentialAction\":[{\"@type\":\"CommentAction\",\"name\":\"Comment\",\"target\":[\"https:\/\/oficinaconectada.com.br\/dtc\/sem-categoria\/b0188-fiat\/#respond\"]}]},{\"@type\":\"WebPage\",\"@id\":\"https:\/\/oficinaconectada.com.br\/dtc\/sem-categoria\/b0188-fiat\/\",\"url\":\"https:\/\/oficinaconectada.com.br\/dtc\/sem-categoria\/b0188-fiat\/\",\"name\":\"B0188 Fiat: Circuito do Sensor de Carga Solar - Oficina Conectada | DTC e C\u00f3digos de Falha\",\"isPartOf\":{\"@id\":\"https:\/\/oficinaconectada.com.br\/dtc\/#website\"},\"datePublished\":\"2026-04-14T00:56:04+00:00\",\"breadcrumb\":{\"@id\":\"https:\/\/oficinaconectada.com.br\/dtc\/sem-categoria\/b0188-fiat\/#breadcrumb\"},\"inLanguage\":\"pt-BR\",\"potentialAction\":[{\"@type\":\"ReadAction\",\"target\":[\"https:\/\/oficinaconectada.com.br\/dtc\/sem-categoria\/b0188-fiat\/\"]}]},{\"@type\":\"BreadcrumbList\",\"@id\":\"https:\/\/oficinaconectada.com.br\/dtc\/sem-categoria\/b0188-fiat\/#breadcrumb\",\"itemListElement\":[{\"@type\":\"ListItem\",\"position\":1,\"name\":\"Home\",\"item\":\"https:\/\/oficinaconectada.com.br\/dtc\/\"},{\"@type\":\"ListItem\",\"position\":2,\"name\":\"B0188 Fiat: Circuito do Sensor de Carga Solar\"}]},{\"@type\":\"WebSite\",\"@id\":\"https:\/\/oficinaconectada.com.br\/dtc\/#website\",\"url\":\"https:\/\/oficinaconectada.com.br\/dtc\/\",\"name\":\"Oficina Conectada | C\u00f3digos de Falha DTC\",\"description\":\"A Oficina Conectada \u00e9 o primeiro passo para o diagn\u00f3stico lucrativo. Consulte c\u00f3digos de falha DTC e OBD2 com causas, sintomas e solu\u00e7\u00f5es profissionais.\",\"publisher\":{\"@id\":\"https:\/\/oficinaconectada.com.br\/dtc\/#organization\"},\"potentialAction\":[{\"@type\":\"SearchAction\",\"target\":{\"@type\":\"EntryPoint\",\"urlTemplate\":\"https:\/\/oficinaconectada.com.br\/dtc\/?s={search_term_string}\"},\"query-input\":{\"@type\":\"PropertyValueSpecification\",\"valueRequired\":true,\"valueName\":\"search_term_string\"}}],\"inLanguage\":\"pt-BR\"},{\"@type\":\"Organization\",\"@id\":\"https:\/\/oficinaconectada.com.br\/dtc\/#organization\",\"name\":\"Oficina Conectada | C\u00f3digos de Falha DTC\",\"url\":\"https:\/\/oficinaconectada.com.br\/dtc\/\",\"logo\":{\"@type\":\"ImageObject\",\"inLanguage\":\"pt-BR\",\"@id\":\"https:\/\/oficinaconectada.com.br\/dtc\/#\/schema\/logo\/image\/\",\"url\":\"https:\/\/oficinaconectada.com.br\/dtc\/wp-content\/uploads\/2026\/02\/OficinaConectadaDTC.png\",\"contentUrl\":\"https:\/\/oficinaconectada.com.br\/dtc\/wp-content\/uploads\/2026\/02\/OficinaConectadaDTC.png\",\"width\":245,\"height\":100,\"caption\":\"Oficina Conectada | C\u00f3digos de Falha DTC\"},\"image\":{\"@id\":\"https:\/\/oficinaconectada.com.br\/dtc\/#\/schema\/logo\/image\/\"}},{\"@type\":\"Person\",\"@id\":\"https:\/\/oficinaconectada.com.br\/dtc\/#\/schema\/person\/b05379d5192b1bb9ea5fb9936b746b78\",\"name\":\"Pablo Eduardo\",\"image\":{\"@type\":\"ImageObject\",\"inLanguage\":\"pt-BR\",\"@id\":\"https:\/\/oficinaconectada.com.br\/dtc\/#\/schema\/person\/image\/\",\"url\":\"https:\/\/secure.gravatar.com\/avatar\/36a476f36de7a3b4526c6c4d1c99c240610b4949b92294d4de2634b206fdbfc6?s=96&d=mm&r=g\",\"contentUrl\":\"https:\/\/secure.gravatar.com\/avatar\/36a476f36de7a3b4526c6c4d1c99c240610b4949b92294d4de2634b206fdbfc6?s=96&d=mm&r=g\",\"caption\":\"Pablo Eduardo\"},\"sameAs\":[\"https:\/\/oficinaconectada.com.br\/dtc\"],\"url\":\"https:\/\/oficinaconectada.com.br\/dtc\/author\/pablo-eduardo\/\"}]}<\/script>\r\n<!-- \/ Yoast SEO plugin. -->","yoast_head_json":{"title":"B0188 Fiat: Circuito do Sensor de Carga Solar - Oficina Conectada | DTC e C\u00f3digos de Falha","robots":{"index":"index","follow":"follow","max-snippet":"max-snippet:-1","max-image-preview":"max-image-preview:large","max-video-preview":"max-video-preview:-1"},"canonical":"https:\/\/oficinaconectada.com.br\/dtc\/sem-categoria\/b0188-fiat\/","og_locale":"pt_BR","og_type":"article","og_title":"B0188 Fiat: Circuito do Sensor de Carga Solar - Oficina Conectada | DTC e C\u00f3digos de Falha","og_description":"O c\u00f3digo B0188 Fiat refere-se a uma falha no circuito do sensor de carga solar. Este sensor \u00e9 crucial para o sistema de climatiza\u00e7\u00e3o autom\u00e1tica do ve\u00edculo.","og_url":"https:\/\/oficinaconectada.com.br\/dtc\/sem-categoria\/b0188-fiat\/","og_site_name":"Oficina Conectada | DTC e C\u00f3digos de Falha","article_published_time":"2026-04-14T00:56:04+00:00","author":"Pablo Eduardo","twitter_card":"summary_large_image","twitter_misc":{"Escrito por":"Pablo Eduardo","Est. tempo de leitura":"5 minutos"},"schema":{"@context":"https:\/\/schema.org","@graph":[{"@type":"Article","@id":"https:\/\/oficinaconectada.com.br\/dtc\/sem-categoria\/b0188-fiat\/#article","isPartOf":{"@id":"https:\/\/oficinaconectada.com.br\/dtc\/sem-categoria\/b0188-fiat\/"},"author":{"name":"Pablo Eduardo","@id":"https:\/\/oficinaconectada.com.br\/dtc\/#\/schema\/person\/b05379d5192b1bb9ea5fb9936b746b78"},"headline":"B0188 Fiat: Circuito do Sensor de Carga Solar","datePublished":"2026-04-14T00:56:04+00:00","mainEntityOfPage":{"@id":"https:\/\/oficinaconectada.com.br\/dtc\/sem-categoria\/b0188-fiat\/"},"wordCount":983,"commentCount":0,"publisher":{"@id":"https:\/\/oficinaconectada.com.br\/dtc\/#organization"},"keywords":["00382 Renault circuito unidade aquecimento","B0014 Fiat","B0186 Renault sensor carga solar","B0188","climatiza\u00e7\u00e3o","c\u00f3digo B0188 Fiat","controle de diagn\u00f3stico","HVAC"],"articleSection":["Aquecimento e Climatiza\u00e7\u00e3o","Diagn\u00f3stico DTC","DTCs Carroceria\/Conforto","Fiat"],"inLanguage":"pt-BR","potentialAction":[{"@type":"CommentAction","name":"Comment","target":["https:\/\/oficinaconectada.com.br\/dtc\/sem-categoria\/b0188-fiat\/#respond"]}]},{"@type":"WebPage","@id":"https:\/\/oficinaconectada.com.br\/dtc\/sem-categoria\/b0188-fiat\/","url":"https:\/\/oficinaconectada.com.br\/dtc\/sem-categoria\/b0188-fiat\/","name":"B0188 Fiat: Circuito do Sensor de Carga Solar - Oficina Conectada | DTC e C\u00f3digos de Falha","isPartOf":{"@id":"https:\/\/oficinaconectada.com.br\/dtc\/#website"},"datePublished":"2026-04-14T00:56:04+00:00","breadcrumb":{"@id":"https:\/\/oficinaconectada.com.br\/dtc\/sem-categoria\/b0188-fiat\/#breadcrumb"},"inLanguage":"pt-BR","potentialAction":[{"@type":"ReadAction","target":["https:\/\/oficinaconectada.com.br\/dtc\/sem-categoria\/b0188-fiat\/"]}]},{"@type":"BreadcrumbList","@id":"https:\/\/oficinaconectada.com.br\/dtc\/sem-categoria\/b0188-fiat\/#breadcrumb","itemListElement":[{"@type":"ListItem","position":1,"name":"Home","item":"https:\/\/oficinaconectada.com.br\/dtc\/"},{"@type":"ListItem","position":2,"name":"B0188 Fiat: Circuito do Sensor de Carga Solar"}]},{"@type":"WebSite","@id":"https:\/\/oficinaconectada.com.br\/dtc\/#website","url":"https:\/\/oficinaconectada.com.br\/dtc\/","name":"Oficina Conectada | C\u00f3digos de Falha DTC","description":"A Oficina Conectada \u00e9 o primeiro passo para o diagn\u00f3stico lucrativo. Consulte c\u00f3digos de falha DTC e OBD2 com causas, sintomas e solu\u00e7\u00f5es profissionais.","publisher":{"@id":"https:\/\/oficinaconectada.com.br\/dtc\/#organization"},"potentialAction":[{"@type":"SearchAction","target":{"@type":"EntryPoint","urlTemplate":"https:\/\/oficinaconectada.com.br\/dtc\/?s={search_term_string}"},"query-input":{"@type":"PropertyValueSpecification","valueRequired":true,"valueName":"search_term_string"}}],"inLanguage":"pt-BR"},{"@type":"Organization","@id":"https:\/\/oficinaconectada.com.br\/dtc\/#organization","name":"Oficina Conectada | C\u00f3digos de Falha DTC","url":"https:\/\/oficinaconectada.com.br\/dtc\/","logo":{"@type":"ImageObject","inLanguage":"pt-BR","@id":"https:\/\/oficinaconectada.com.br\/dtc\/#\/schema\/logo\/image\/","url":"https:\/\/oficinaconectada.com.br\/dtc\/wp-content\/uploads\/2026\/02\/OficinaConectadaDTC.png","contentUrl":"https:\/\/oficinaconectada.com.br\/dtc\/wp-content\/uploads\/2026\/02\/OficinaConectadaDTC.png","width":245,"height":100,"caption":"Oficina Conectada | C\u00f3digos de Falha DTC"},"image":{"@id":"https:\/\/oficinaconectada.com.br\/dtc\/#\/schema\/logo\/image\/"}},{"@type":"Person","@id":"https:\/\/oficinaconectada.com.br\/dtc\/#\/schema\/person\/b05379d5192b1bb9ea5fb9936b746b78","name":"Pablo Eduardo","image":{"@type":"ImageObject","inLanguage":"pt-BR","@id":"https:\/\/oficinaconectada.com.br\/dtc\/#\/schema\/person\/image\/","url":"https:\/\/secure.gravatar.com\/avatar\/36a476f36de7a3b4526c6c4d1c99c240610b4949b92294d4de2634b206fdbfc6?s=96&d=mm&r=g","contentUrl":"https:\/\/secure.gravatar.com\/avatar\/36a476f36de7a3b4526c6c4d1c99c240610b4949b92294d4de2634b206fdbfc6?s=96&d=mm&r=g","caption":"Pablo Eduardo"},"sameAs":["https:\/\/oficinaconectada.com.br\/dtc"],"url":"https:\/\/oficinaconectada.com.br\/dtc\/author\/pablo-eduardo\/"}]}},"yoast_title":"","yoast_metadesc":"","yoast_focus_keyword":"","yoast_readability":"","yoast_keyword_density":"","_links":{"self":[{"href":"https:\/\/oficinaconectada.com.br\/dtc\/wp-json\/wp\/v2\/posts\/15848","targetHints":{"allow":["GET"]}}],"collection":[{"href":"https:\/\/oficinaconectada.com.br\/dtc\/wp-json\/wp\/v2\/posts"}],"about":[{"href":"https:\/\/oficinaconectada.com.br\/dtc\/wp-json\/wp\/v2\/types\/post"}],"author":[{"embeddable":true,"href":"https:\/\/oficinaconectada.com.br\/dtc\/wp-json\/wp\/v2\/users\/1"}],"replies":[{"embeddable":true,"href":"https:\/\/oficinaconectada.com.br\/dtc\/wp-json\/wp\/v2\/comments?post=15848"}],"version-history":[{"count":0,"href":"https:\/\/oficinaconectada.com.br\/dtc\/wp-json\/wp\/v2\/posts\/15848\/revisions"}],"wp:attachment":[{"href":"https:\/\/oficinaconectada.com.br\/dtc\/wp-json\/wp\/v2\/media?parent=15848"}],"wp:term":[{"taxonomy":"category","embeddable":true,"href":"https:\/\/oficinaconectada.com.br\/dtc\/wp-json\/wp\/v2\/categories?post=15848"},{"taxonomy":"post_tag","embeddable":true,"href":"https:\/\/oficinaconectada.com.br\/dtc\/wp-json\/wp\/v2\/tags?post=15848"}],"curies":[{"name":"wp","href":"https:\/\/api.w.org\/{rel}","templated":true}]}}