{"id":13322,"date":"2026-04-09T10:40:59","date_gmt":"2026-04-09T13:40:59","guid":{"rendered":"https:\/\/oficinaconectada.com.br\/dtc\/sem-categoria\/17175\/"},"modified":"2026-04-09T10:40:59","modified_gmt":"2026-04-09T13:40:59","slug":"17175","status":"publish","type":"post","link":"https:\/\/oficinaconectada.com.br\/dtc\/diagnostico-dtc\/17175\/","title":{"rendered":"P0171 Volkswagen: Falha no Sensor de Velocidade do Eixo Intermedi\u00e1rio"},"content":{"rendered":"<h1>C\u00f3digo P0171 Volkswagen: Diagn\u00f3stico de Falha no Sensor de Velocidade do Eixo Intermedi\u00e1rio<\/h1>\n<p>O <b>c\u00f3digo P0171<\/b> em ve\u00edculos Volkswagen sinaliza uma falha espec\u00edfica no circuito el\u00e9trico associado ao sensor de velocidade do eixo intermedi\u00e1rio (ou eixo de comando de v\u00e1lvulas). Este c\u00f3digo n\u00e3o se refere diretamente \u00e0 mistura ar\/combust\u00edvel (como em outros sistemas), mas sim a um problema na comunica\u00e7\u00e3o ou alimenta\u00e7\u00e3o deste sensor crucial para o gerenciamento do motor.<\/p>\n<h2>O que significa P0171 Volkswagen?<\/h2>\n<p>O c\u00f3digo <b>P0171<\/b>, neste contexto espec\u00edfico da Volkswagen, indica uma anomalia detectada pelo m\u00f3dulo de controle do motor (ECU) no <b>circuito el\u00e9trico do sensor de velocidade do eixo intermedi\u00e1rio<\/b>. Isso pode significar um problema na fia\u00e7\u00e3o, no pr\u00f3prio sensor, ou na sua conex\u00e3o com a ECU. A leitura incorreta ou a aus\u00eancia de sinal deste sensor compromete a sincroniza\u00e7\u00e3o e o controle da inje\u00e7\u00e3o de combust\u00edvel e do tempo de igni\u00e7\u00e3o.<\/p>\n<h2>Causas Comuns do P0171 em Volkswagen<\/h2>\n<ul>\n<li>Fia\u00e7\u00e3o do sensor danificada (cortada, esmagada, com isolamento comprometido).<\/li>\n<li>Conector do sensor corro\u00eddo ou mal encaixado.<\/li>\n<li>Curto-circuito na fia\u00e7\u00e3o do sensor para terra ou para a tens\u00e3o de alimenta\u00e7\u00e3o.<\/li>\n<li>Circuito aberto na fia\u00e7\u00e3o do sensor.<\/li>\n<li>Sensor de velocidade do eixo intermedi\u00e1rio defeituoso (raro, mas poss\u00edvel).<\/li>\n<li>Problemas no chicote el\u00e9trico principal pr\u00f3ximo ao sensor.<\/li>\n<li>Falha na ECU que interpreta erroneamente o sinal do sensor (muito raro).<\/li>\n<\/ul>\n<h2>Diagn\u00f3stico e Teste do Circuito P0171<\/h2>\n<p>O diagn\u00f3stico preciso para o <b>c\u00f3digo P0171 em Volkswagen<\/b> exige a consulta ao <b>diagrama el\u00e9trico<\/b>, dispon\u00edvel em plataformas como o <b>DIAGWEB<\/b>. O procedimento envolve:<\/p>\n<ol>\n<li><b>Consultar o DIAGWEB:<\/b> Acesse o diagrama el\u00e9trico para o modelo e ano espec\u00edfico do seu Volkswagen. Procure pelo sistema de inje\u00e7\u00e3o\/gerenciamento do motor e localize o circuito do sensor de velocidade do eixo intermedi\u00e1rio (tamb\u00e9m conhecido como sensor de fase ou CMP).<\/li>\n<li><b>Identificar os pinos:<\/b> O diagrama mostrar\u00e1 a pinagem do sensor e sua conex\u00e3o com a ECU. Geralmente, sensores de efeito Hall ou magn\u00e9ticos possuem 3 fios: um para alimenta\u00e7\u00e3o (+5V ou +12V), um para terra (GND) e um para o sinal de retorno.<\/li>\n<li><b>Teste de Alimenta\u00e7\u00e3o e Terra:<\/b> Com o mult\u00edmetro, verifique se o sensor est\u00e1 recebendo a tens\u00e3o de alimenta\u00e7\u00e3o correta e se possui um bom aterramento. Desconecte o sensor e me\u00e7a a continuidade dos fios de alimenta\u00e7\u00e3o e terra at\u00e9 a ECU.<\/li>\n<li><b>Teste do Sinal:<\/b> Se a alimenta\u00e7\u00e3o e o terra estiverem corretos, reconecte o sensor e, com o motor em funcionamento (ou girando com a chave ligada, dependendo do tipo de sensor), utilize um mult\u00edmetro ou oscilosc\u00f3pio para verificar o sinal de retorno do sensor. Um sinal intermitente (pulso) ou uma voltagem est\u00e1vel (dependendo do tipo de sensor) \u00e9 esperado. Consulte o DIAGWEB para os valores esperados.<\/li>\n<li><b>Inspe\u00e7\u00e3o Visual:<\/b> Verifique fisicamente o chicote el\u00e9trico do sensor e seu conector em busca de danos, corros\u00e3o, ou mau contato. Movimente o chicote para detectar falhas intermitentes.<\/li>\n<\/ol>\n<p>O DIAGWEB \u00e9 fundamental para entender a arquitetura do circuito e os valores de teste esperados, evitando diagn\u00f3sticos err\u00f4neos que podem levar \u00e0 substitui\u00e7\u00e3o desnecess\u00e1ria de componentes.<\/p>\n<h2>Sintomas Associados ao P0171 Volkswagen<\/h2>\n<p>Um circuito de sensor de velocidade do eixo intermedi\u00e1rio defeituoso pode manifestar os seguintes sintomas:<\/p>\n<ul>\n<li>Luz de inje\u00e7\u00e3o eletr\u00f4nica acesa no painel (Check Engine).<\/li>\n<li>Motor falhando ou engasgando, especialmente em marcha lenta ou acelera\u00e7\u00e3o.<\/li>\n<li>Dificuldade na partida do motor.<\/li>\n<li>Aumento do consumo de combust\u00edvel.<\/li>\n<li>Funcionamento irregular do motor.<\/li>\n<li>Em alguns casos, o motor pode morrer inesperadamente.<\/li>\n<\/ul>\n<h2>Pode Dirigir com P0171 Acionado?<\/h2>\n<p>Dirigir com o <b>c\u00f3digo P0171<\/b> ativo em um Volkswagen n\u00e3o \u00e9 recomendado. O sinal incorreto deste sensor pode levar a problemas de sincronismo que prejudicam o desempenho do motor, aumentam o consumo e, a longo prazo, podem causar danos a outros componentes. Al\u00e9m disso, a luz de inje\u00e7\u00e3o acesa pode impedir a passagem em inspe\u00e7\u00f5es veiculares.<\/p>\n<h2>Componentes Afetados e Interligados<\/h2>\n<p>O sensor de velocidade do eixo intermedi\u00e1rio (CMP) \u00e9 vital para o c\u00e1lculo preciso do tempo de inje\u00e7\u00e3o e do ponto de igni\u00e7\u00e3o. Sua falha pode afetar diretamente:<\/p>\n<ul>\n<li><b>Sistema de Inje\u00e7\u00e3o Eletr\u00f4nica:<\/b> Determina o momento exato da pulveriza\u00e7\u00e3o de combust\u00edvel.<\/li>\n<li><b>Sistema de Igni\u00e7\u00e3o:<\/b> Define o momento ideal para a centelha da vela.<\/li>\n<li><b>Comando de V\u00e1lvulas Vari\u00e1vel (VVT):<\/b> Se o sistema possuir, pode ser afetado pela leitura incorreta de fase.<\/li>\n<li><b>Controle de Emiss\u00f5es:<\/b> O funcionamento inadequado afeta a efici\u00eancia do catalisador.<\/li>\n<\/ul>\n<p>A verifica\u00e7\u00e3o completa de fia\u00e7\u00e3o e conex\u00f5es \u00e9 crucial, pois problemas el\u00e9tricos s\u00e3o a causa mais comum deste tipo de c\u00f3digo em sistemas Volkswagen.<\/p>\n<h2>Conclus\u00e3o T\u00e9cnica<\/h2>\n<p>O <b>c\u00f3digo P0171 em ve\u00edculos Volkswagen<\/b> aponta para uma falha no circuito el\u00e9trico do sensor de velocidade do eixo intermedi\u00e1rio. O diagn\u00f3stico deve priorizar a inspe\u00e7\u00e3o da fia\u00e7\u00e3o, conectores e testes de tens\u00e3o\/sinal, sempre utilizando o diagrama el\u00e9trico como guia principal. A substitui\u00e7\u00e3o do sensor s\u00f3 deve ocorrer ap\u00f3s a exclus\u00e3o de falhas no chicote e nas conex\u00f5es.<\/p>\n","protected":false},"excerpt":{"rendered":"O P0171 em Volkswagen indica falha no circuito el\u00e9trico do sensor de velocidade do eixo intermedi\u00e1rio. Problemas nesta fia\u00e7\u00e3o afetam a leitura da ECU.","protected":false},"author":1,"featured_media":0,"comment_status":"open","ping_status":"open","sticky":false,"template":"","format":"standard","meta":{"csco_display_header_overlay":false,"csco_singular_sidebar":"","csco_page_header_type":"","csco_page_load_nextpost":"","csco_page_reading_time":"","csco_page_toc_navigation":"","csco_post_video_location":[],"csco_post_video_location_hash":"","csco_post_video_url":"","csco_post_video_bg_start_time":0,"csco_post_video_bg_end_time":0,"csco_post_video_bg_volume":false,"footnotes":""},"categories":[26208,13,33,45],"tags":[28415,28461,217,20074,28460,16,28459,9861,56],"class_list":{"0":"post-13322","1":"post","2":"type-post","3":"status-publish","4":"format-standard","6":"category-diagnostico-de-sensores","7":"category-diagnostico-dtc","8":"category-dtcs-powertrain","9":"category-volkswagen","10":"tag-17135-volkswagen","11":"tag-28461","12":"tag-circuito-eletrico","13":"tag-codigo-obd2","14":"tag-codigo-p0171-volkswagen","15":"tag-diagnostico","16":"tag-eixo-intermediario","17":"tag-p0171","18":"tag-sensor-de-velocidade","19":"cs-entry","20":"cs-video-wrap"},"yoast_head":"<!-- This site is optimized with the Yoast SEO plugin v27.0 - https:\/\/yoast.com\/product\/yoast-seo-wordpress\/ -->\r\n<title>P0171 Volkswagen: Falha no Sensor de Velocidade do Eixo Intermedi\u00e1rio - Oficina Conectada | DTC e C\u00f3digos de Falha<\/title>\r\n<meta name=\"robots\" content=\"index, follow, max-snippet:-1, max-image-preview:large, max-video-preview:-1\" \/>\r\n<link rel=\"canonical\" href=\"https:\/\/oficinaconectada.com.br\/dtc\/sem-categoria\/17175\/\" \/>\r\n<meta property=\"og:locale\" content=\"pt_BR\" \/>\r\n<meta property=\"og:type\" content=\"article\" \/>\r\n<meta property=\"og:title\" content=\"P0171 Volkswagen: Falha no Sensor de Velocidade do Eixo Intermedi\u00e1rio - Oficina Conectada | DTC e C\u00f3digos de Falha\" \/>\r\n<meta property=\"og:description\" content=\"O P0171 em Volkswagen indica falha no circuito el\u00e9trico do sensor de velocidade do eixo intermedi\u00e1rio. Problemas nesta fia\u00e7\u00e3o afetam a leitura da ECU.\" \/>\r\n<meta property=\"og:url\" content=\"https:\/\/oficinaconectada.com.br\/dtc\/sem-categoria\/17175\/\" \/>\r\n<meta property=\"og:site_name\" content=\"Oficina Conectada | DTC e C\u00f3digos de Falha\" \/>\r\n<meta property=\"article:published_time\" content=\"2026-04-09T13:40:59+00:00\" \/>\r\n<meta name=\"author\" content=\"Pablo Eduardo\" \/>\r\n<meta name=\"twitter:card\" content=\"summary_large_image\" \/>\r\n<meta name=\"twitter:label1\" content=\"Escrito por\" \/>\n\t<meta name=\"twitter:data1\" content=\"Pablo Eduardo\" \/>\n\t<meta name=\"twitter:label2\" content=\"Est. tempo de leitura\" \/>\n\t<meta name=\"twitter:data2\" content=\"5 minutos\" \/>\r\n<script type=\"application\/ld+json\" class=\"yoast-schema-graph\">{\"@context\":\"https:\/\/schema.org\",\"@graph\":[{\"@type\":\"Article\",\"@id\":\"https:\/\/oficinaconectada.com.br\/dtc\/sem-categoria\/17175\/#article\",\"isPartOf\":{\"@id\":\"https:\/\/oficinaconectada.com.br\/dtc\/sem-categoria\/17175\/\"},\"author\":{\"name\":\"Pablo Eduardo\",\"@id\":\"https:\/\/oficinaconectada.com.br\/dtc\/#\/schema\/person\/b05379d5192b1bb9ea5fb9936b746b78\"},\"headline\":\"P0171 Volkswagen: Falha no Sensor de Velocidade do Eixo Intermedi\u00e1rio\",\"datePublished\":\"2026-04-09T13:40:59+00:00\",\"mainEntityOfPage\":{\"@id\":\"https:\/\/oficinaconectada.com.br\/dtc\/sem-categoria\/17175\/\"},\"wordCount\":900,\"commentCount\":0,\"publisher\":{\"@id\":\"https:\/\/oficinaconectada.com.br\/dtc\/#organization\"},\"keywords\":[\"17135 Volkswagen\",\"17175\",\"circuito el\u00e9trico\",\"c\u00f3digo OBD2\",\"c\u00f3digo P0171 Volkswagen\",\"Diagn\u00f3stico\",\"eixo intermedi\u00e1rio\",\"P0171\",\"sensor de velocidade\"],\"articleSection\":[\"Diagn\u00f3stico de Sensores\",\"Diagn\u00f3stico DTC\",\"DTCs Powertrain\",\"Volkswagen\"],\"inLanguage\":\"pt-BR\",\"potentialAction\":[{\"@type\":\"CommentAction\",\"name\":\"Comment\",\"target\":[\"https:\/\/oficinaconectada.com.br\/dtc\/sem-categoria\/17175\/#respond\"]}]},{\"@type\":\"WebPage\",\"@id\":\"https:\/\/oficinaconectada.com.br\/dtc\/sem-categoria\/17175\/\",\"url\":\"https:\/\/oficinaconectada.com.br\/dtc\/sem-categoria\/17175\/\",\"name\":\"P0171 Volkswagen: Falha no Sensor de Velocidade do Eixo Intermedi\u00e1rio - Oficina Conectada | DTC e C\u00f3digos de Falha\",\"isPartOf\":{\"@id\":\"https:\/\/oficinaconectada.com.br\/dtc\/#website\"},\"datePublished\":\"2026-04-09T13:40:59+00:00\",\"breadcrumb\":{\"@id\":\"https:\/\/oficinaconectada.com.br\/dtc\/sem-categoria\/17175\/#breadcrumb\"},\"inLanguage\":\"pt-BR\",\"potentialAction\":[{\"@type\":\"ReadAction\",\"target\":[\"https:\/\/oficinaconectada.com.br\/dtc\/sem-categoria\/17175\/\"]}]},{\"@type\":\"BreadcrumbList\",\"@id\":\"https:\/\/oficinaconectada.com.br\/dtc\/sem-categoria\/17175\/#breadcrumb\",\"itemListElement\":[{\"@type\":\"ListItem\",\"position\":1,\"name\":\"Home\",\"item\":\"https:\/\/oficinaconectada.com.br\/dtc\/\"},{\"@type\":\"ListItem\",\"position\":2,\"name\":\"P0171 Volkswagen: Falha no Sensor de Velocidade do Eixo Intermedi\u00e1rio\"}]},{\"@type\":\"WebSite\",\"@id\":\"https:\/\/oficinaconectada.com.br\/dtc\/#website\",\"url\":\"https:\/\/oficinaconectada.com.br\/dtc\/\",\"name\":\"Oficina Conectada | C\u00f3digos de Falha DTC\",\"description\":\"A Oficina Conectada \u00e9 o primeiro passo para o diagn\u00f3stico lucrativo. Consulte c\u00f3digos de falha DTC e OBD2 com causas, sintomas e solu\u00e7\u00f5es profissionais.\",\"publisher\":{\"@id\":\"https:\/\/oficinaconectada.com.br\/dtc\/#organization\"},\"potentialAction\":[{\"@type\":\"SearchAction\",\"target\":{\"@type\":\"EntryPoint\",\"urlTemplate\":\"https:\/\/oficinaconectada.com.br\/dtc\/?s={search_term_string}\"},\"query-input\":{\"@type\":\"PropertyValueSpecification\",\"valueRequired\":true,\"valueName\":\"search_term_string\"}}],\"inLanguage\":\"pt-BR\"},{\"@type\":\"Organization\",\"@id\":\"https:\/\/oficinaconectada.com.br\/dtc\/#organization\",\"name\":\"Oficina Conectada | C\u00f3digos de Falha DTC\",\"url\":\"https:\/\/oficinaconectada.com.br\/dtc\/\",\"logo\":{\"@type\":\"ImageObject\",\"inLanguage\":\"pt-BR\",\"@id\":\"https:\/\/oficinaconectada.com.br\/dtc\/#\/schema\/logo\/image\/\",\"url\":\"https:\/\/oficinaconectada.com.br\/dtc\/wp-content\/uploads\/2026\/02\/OficinaConectadaDTC.png\",\"contentUrl\":\"https:\/\/oficinaconectada.com.br\/dtc\/wp-content\/uploads\/2026\/02\/OficinaConectadaDTC.png\",\"width\":245,\"height\":100,\"caption\":\"Oficina Conectada | C\u00f3digos de Falha DTC\"},\"image\":{\"@id\":\"https:\/\/oficinaconectada.com.br\/dtc\/#\/schema\/logo\/image\/\"}},{\"@type\":\"Person\",\"@id\":\"https:\/\/oficinaconectada.com.br\/dtc\/#\/schema\/person\/b05379d5192b1bb9ea5fb9936b746b78\",\"name\":\"Pablo Eduardo\",\"image\":{\"@type\":\"ImageObject\",\"inLanguage\":\"pt-BR\",\"@id\":\"https:\/\/oficinaconectada.com.br\/dtc\/#\/schema\/person\/image\/\",\"url\":\"https:\/\/secure.gravatar.com\/avatar\/36a476f36de7a3b4526c6c4d1c99c240610b4949b92294d4de2634b206fdbfc6?s=96&d=mm&r=g\",\"contentUrl\":\"https:\/\/secure.gravatar.com\/avatar\/36a476f36de7a3b4526c6c4d1c99c240610b4949b92294d4de2634b206fdbfc6?s=96&d=mm&r=g\",\"caption\":\"Pablo Eduardo\"},\"sameAs\":[\"https:\/\/oficinaconectada.com.br\/dtc\"],\"url\":\"https:\/\/oficinaconectada.com.br\/dtc\/author\/pablo-eduardo\/\"}]}<\/script>\r\n<!-- \/ Yoast SEO plugin. -->","yoast_head_json":{"title":"P0171 Volkswagen: Falha no Sensor de Velocidade do Eixo Intermedi\u00e1rio - Oficina Conectada | DTC e C\u00f3digos de Falha","robots":{"index":"index","follow":"follow","max-snippet":"max-snippet:-1","max-image-preview":"max-image-preview:large","max-video-preview":"max-video-preview:-1"},"canonical":"https:\/\/oficinaconectada.com.br\/dtc\/sem-categoria\/17175\/","og_locale":"pt_BR","og_type":"article","og_title":"P0171 Volkswagen: Falha no Sensor de Velocidade do Eixo Intermedi\u00e1rio - Oficina Conectada | DTC e C\u00f3digos de Falha","og_description":"O P0171 em Volkswagen indica falha no circuito el\u00e9trico do sensor de velocidade do eixo intermedi\u00e1rio. Problemas nesta fia\u00e7\u00e3o afetam a leitura da ECU.","og_url":"https:\/\/oficinaconectada.com.br\/dtc\/sem-categoria\/17175\/","og_site_name":"Oficina Conectada | DTC e C\u00f3digos de Falha","article_published_time":"2026-04-09T13:40:59+00:00","author":"Pablo Eduardo","twitter_card":"summary_large_image","twitter_misc":{"Escrito por":"Pablo Eduardo","Est. tempo de leitura":"5 minutos"},"schema":{"@context":"https:\/\/schema.org","@graph":[{"@type":"Article","@id":"https:\/\/oficinaconectada.com.br\/dtc\/sem-categoria\/17175\/#article","isPartOf":{"@id":"https:\/\/oficinaconectada.com.br\/dtc\/sem-categoria\/17175\/"},"author":{"name":"Pablo Eduardo","@id":"https:\/\/oficinaconectada.com.br\/dtc\/#\/schema\/person\/b05379d5192b1bb9ea5fb9936b746b78"},"headline":"P0171 Volkswagen: Falha no Sensor de Velocidade do Eixo Intermedi\u00e1rio","datePublished":"2026-04-09T13:40:59+00:00","mainEntityOfPage":{"@id":"https:\/\/oficinaconectada.com.br\/dtc\/sem-categoria\/17175\/"},"wordCount":900,"commentCount":0,"publisher":{"@id":"https:\/\/oficinaconectada.com.br\/dtc\/#organization"},"keywords":["17135 Volkswagen","17175","circuito el\u00e9trico","c\u00f3digo OBD2","c\u00f3digo P0171 Volkswagen","Diagn\u00f3stico","eixo intermedi\u00e1rio","P0171","sensor de velocidade"],"articleSection":["Diagn\u00f3stico de Sensores","Diagn\u00f3stico DTC","DTCs Powertrain","Volkswagen"],"inLanguage":"pt-BR","potentialAction":[{"@type":"CommentAction","name":"Comment","target":["https:\/\/oficinaconectada.com.br\/dtc\/sem-categoria\/17175\/#respond"]}]},{"@type":"WebPage","@id":"https:\/\/oficinaconectada.com.br\/dtc\/sem-categoria\/17175\/","url":"https:\/\/oficinaconectada.com.br\/dtc\/sem-categoria\/17175\/","name":"P0171 Volkswagen: Falha no Sensor de Velocidade do Eixo Intermedi\u00e1rio - Oficina Conectada | DTC e C\u00f3digos de Falha","isPartOf":{"@id":"https:\/\/oficinaconectada.com.br\/dtc\/#website"},"datePublished":"2026-04-09T13:40:59+00:00","breadcrumb":{"@id":"https:\/\/oficinaconectada.com.br\/dtc\/sem-categoria\/17175\/#breadcrumb"},"inLanguage":"pt-BR","potentialAction":[{"@type":"ReadAction","target":["https:\/\/oficinaconectada.com.br\/dtc\/sem-categoria\/17175\/"]}]},{"@type":"BreadcrumbList","@id":"https:\/\/oficinaconectada.com.br\/dtc\/sem-categoria\/17175\/#breadcrumb","itemListElement":[{"@type":"ListItem","position":1,"name":"Home","item":"https:\/\/oficinaconectada.com.br\/dtc\/"},{"@type":"ListItem","position":2,"name":"P0171 Volkswagen: Falha no Sensor de Velocidade do Eixo Intermedi\u00e1rio"}]},{"@type":"WebSite","@id":"https:\/\/oficinaconectada.com.br\/dtc\/#website","url":"https:\/\/oficinaconectada.com.br\/dtc\/","name":"Oficina Conectada | C\u00f3digos de Falha DTC","description":"A Oficina Conectada \u00e9 o primeiro passo para o diagn\u00f3stico lucrativo. Consulte c\u00f3digos de falha DTC e OBD2 com causas, sintomas e solu\u00e7\u00f5es profissionais.","publisher":{"@id":"https:\/\/oficinaconectada.com.br\/dtc\/#organization"},"potentialAction":[{"@type":"SearchAction","target":{"@type":"EntryPoint","urlTemplate":"https:\/\/oficinaconectada.com.br\/dtc\/?s={search_term_string}"},"query-input":{"@type":"PropertyValueSpecification","valueRequired":true,"valueName":"search_term_string"}}],"inLanguage":"pt-BR"},{"@type":"Organization","@id":"https:\/\/oficinaconectada.com.br\/dtc\/#organization","name":"Oficina Conectada | C\u00f3digos de Falha DTC","url":"https:\/\/oficinaconectada.com.br\/dtc\/","logo":{"@type":"ImageObject","inLanguage":"pt-BR","@id":"https:\/\/oficinaconectada.com.br\/dtc\/#\/schema\/logo\/image\/","url":"https:\/\/oficinaconectada.com.br\/dtc\/wp-content\/uploads\/2026\/02\/OficinaConectadaDTC.png","contentUrl":"https:\/\/oficinaconectada.com.br\/dtc\/wp-content\/uploads\/2026\/02\/OficinaConectadaDTC.png","width":245,"height":100,"caption":"Oficina Conectada | C\u00f3digos de Falha DTC"},"image":{"@id":"https:\/\/oficinaconectada.com.br\/dtc\/#\/schema\/logo\/image\/"}},{"@type":"Person","@id":"https:\/\/oficinaconectada.com.br\/dtc\/#\/schema\/person\/b05379d5192b1bb9ea5fb9936b746b78","name":"Pablo Eduardo","image":{"@type":"ImageObject","inLanguage":"pt-BR","@id":"https:\/\/oficinaconectada.com.br\/dtc\/#\/schema\/person\/image\/","url":"https:\/\/secure.gravatar.com\/avatar\/36a476f36de7a3b4526c6c4d1c99c240610b4949b92294d4de2634b206fdbfc6?s=96&d=mm&r=g","contentUrl":"https:\/\/secure.gravatar.com\/avatar\/36a476f36de7a3b4526c6c4d1c99c240610b4949b92294d4de2634b206fdbfc6?s=96&d=mm&r=g","caption":"Pablo Eduardo"},"sameAs":["https:\/\/oficinaconectada.com.br\/dtc"],"url":"https:\/\/oficinaconectada.com.br\/dtc\/author\/pablo-eduardo\/"}]}},"yoast_title":"","yoast_metadesc":"","yoast_focus_keyword":"","yoast_readability":"","yoast_keyword_density":"","_links":{"self":[{"href":"https:\/\/oficinaconectada.com.br\/dtc\/wp-json\/wp\/v2\/posts\/13322","targetHints":{"allow":["GET"]}}],"collection":[{"href":"https:\/\/oficinaconectada.com.br\/dtc\/wp-json\/wp\/v2\/posts"}],"about":[{"href":"https:\/\/oficinaconectada.com.br\/dtc\/wp-json\/wp\/v2\/types\/post"}],"author":[{"embeddable":true,"href":"https:\/\/oficinaconectada.com.br\/dtc\/wp-json\/wp\/v2\/users\/1"}],"replies":[{"embeddable":true,"href":"https:\/\/oficinaconectada.com.br\/dtc\/wp-json\/wp\/v2\/comments?post=13322"}],"version-history":[{"count":0,"href":"https:\/\/oficinaconectada.com.br\/dtc\/wp-json\/wp\/v2\/posts\/13322\/revisions"}],"wp:attachment":[{"href":"https:\/\/oficinaconectada.com.br\/dtc\/wp-json\/wp\/v2\/media?parent=13322"}],"wp:term":[{"taxonomy":"category","embeddable":true,"href":"https:\/\/oficinaconectada.com.br\/dtc\/wp-json\/wp\/v2\/categories?post=13322"},{"taxonomy":"post_tag","embeddable":true,"href":"https:\/\/oficinaconectada.com.br\/dtc\/wp-json\/wp\/v2\/tags?post=13322"}],"curies":[{"name":"wp","href":"https:\/\/api.w.org\/{rel}","templated":true}]}}