{"id":13292,"date":"2026-04-09T10:24:00","date_gmt":"2026-04-09T13:24:00","guid":{"rendered":"https:\/\/oficinaconectada.com.br\/dtc\/sem-categoria\/17116\/"},"modified":"2026-04-09T10:24:00","modified_gmt":"2026-04-09T13:24:00","slug":"17116","status":"publish","type":"post","link":"https:\/\/oficinaconectada.com.br\/dtc\/diagnostico-dtc\/17116\/","title":{"rendered":"P0730 Volkswagen: Rela\u00e7\u00e3o de Marcha Incorreta"},"content":{"rendered":"<h1>C\u00f3digo P0730: Diagn\u00f3stico de Rela\u00e7\u00e3o de Marcha Incorreta na Transmiss\u00e3o Volkswagen<\/h1>\n<p>O <b>c\u00f3digo P0730<\/b> \u00e9 um DTC (Diagnostic Trouble Code) referente \u00e0 transmiss\u00e3o autom\u00e1tica em ve\u00edculos Volkswagen. Ele significa &#8216;Incorrect Gear Ratio&#8217;, indicando que a rela\u00e7\u00e3o de engrenagens entre os eixos de entrada e sa\u00edda da transmiss\u00e3o n\u00e3o est\u00e1 conforme especificado pela ECU (Electronic Control Unit) para a marcha selecionada.<\/p>\n<h2>O que significa P0730?<\/h2>\n<p>A sigla P0730 indica uma discrep\u00e2ncia entre a velocidade dos componentes internos da transmiss\u00e3o e a marcha que o m\u00f3dulo de controle da transmiss\u00e3o (TCM) acredita estar engatada. Isso pode ocorrer em qualquer marcha, mas muitas vezes \u00e9 reportado em marchas mais altas ou em mudan\u00e7as espec\u00edficas.<\/p>\n<h2>Causas Comuns do P0730<\/h2>\n<ul>\n<li>N\u00edvel ou condi\u00e7\u00e3o do fluido de transmiss\u00e3o incorreto (baixo ou contaminado)<\/li>\n<li>Vazamentos internos ou externos no sistema hidr\u00e1ulico da transmiss\u00e3o<\/li>\n<li>V\u00e1lvulas solenoides (shift solenoids) com mau funcionamento ou travadas<\/li>\n<li>Desgaste ou danos nos componentes internos da transmiss\u00e3o (engrenagens, pacotes de embreagem)<\/li>\n<li>Problemas no sensor de velocidade de sa\u00edda (Output Shaft Speed Sensor)<\/li>\n<li>Problemas no sensor de velocidade de entrada (Input Shaft Speed Sensor)<\/li>\n<li>Falha na unidade de controle da transmiss\u00e3o (TCM)<\/li>\n<li>Problemas no chicote el\u00e9trico ou conectores relacionados \u00e0 transmiss\u00e3o<\/li>\n<\/ul>\n<h2>Como Diagnosticar P0730<\/h2>\n<p>O diagn\u00f3stico do <b>c\u00f3digo P0730 Volkswagen<\/b> requer um scanner OBD2 que consiga ler dados da transmiss\u00e3o (Transmission Control Module &#8211; TCM):<\/p>\n<ol>\n<li><b>Verificar n\u00edvel e condi\u00e7\u00e3o do fluido:<\/b> Um fluido baixo ou sujo \u00e9 uma causa prim\u00e1ria e f\u00e1cil de verificar.<\/li>\n<li><b>Ler c\u00f3digos DTCs relacionados:<\/b> Outros c\u00f3digos de falha na transmiss\u00e3o podem auxiliar no diagn\u00f3stico.<\/li>\n<li><b>Analisar dados ao vivo (Live Data):<\/b> Compare a marcha selecionada pelo TCM com a velocidade real das engrenagens. Observe os valores dos sensores de velocidade de entrada e sa\u00edda.<\/li>\n<li><b>Testar solenoides de mudan\u00e7a de marcha:<\/b> Com um scanner avan\u00e7ado, \u00e9 poss\u00edvel comandar os solenoides individualmente e verificar sua resposta.<\/li>\n<li><b>Inspecionar chicotes e conectores:<\/b> Procure por danos, corros\u00e3o ou mau contato nos cabos que v\u00e3o para a transmiss\u00e3o e seus componentes.<\/li>\n<li><b>Verificar a press\u00e3o hidr\u00e1ulica:<\/b> Em alguns casos, \u00e9 necess\u00e1rio um man\u00f4metro para medir a press\u00e3o do fluido dentro da transmiss\u00e3o.<\/li>\n<li><b>Avaliar a integridade mec\u00e2nica:<\/b> Se os testes el\u00e9tricos e hidr\u00e1ulicos estiverem normais, o problema pode ser interno na transmiss\u00e3o.<\/li>\n<\/ol>\n<h2>Diagrama El\u00e9trico e Teste de Circuito<\/h2>\n<p>Para diagnosticar com precis\u00e3o o <b>c\u00f3digo P0730<\/b> em um Volkswagen, consulte o <b>diagrama el\u00e9trico espec\u00edfico no DIAGWEB<\/b>. O diagrama \u00e9 essencial para:<\/p>\n<ul>\n<li>Identificar a localiza\u00e7\u00e3o exata dos sensores de velocidade (entrada e sa\u00edda), solenoides de mudan\u00e7a de marcha e o conector principal da transmiss\u00e3o.<\/li>\n<li>Verificar a pinagem do TCM e de cada componente.<\/li>\n<li>Guiar o teste de continuidade e resist\u00eancia dos fios e solenoides.<\/li>\n<li>Especificar os valores esperados de tens\u00e3o e corrente para cada circuito.<\/li>\n<li>Entender como o TCM monitora a rela\u00e7\u00e3o de marchas atrav\u00e9s dos sinais dos sensores.<\/li>\n<\/ul>\n<p>No <b>DIAGWEB<\/b>, procure por &#8216;[montadora] [ano\/modelo] Volkswagen \u2192 Sistema de Transmiss\u00e3o Autom\u00e1tica (AT)&#8217;. Identifique o circuito do sensor de velocidade de sa\u00edda, por exemplo. Um teste comum envolve verificar se o sensor gera um sinal de voltagem (geralmente AC) proporcional \u00e0 velocidade de rota\u00e7\u00e3o. A aus\u00eancia ou irregularidade deste sinal afeta diretamente o c\u00e1lculo da rela\u00e7\u00e3o de marchas.<\/p>\n<h2>P0730 em Diferentes Modelos Volkswagen<\/h2>\n<p>O <b>c\u00f3digo P0730<\/b> \u00e9 comum em diversas transmiss\u00f5es autom\u00e1ticas da Volkswagen, como a Tiptronic (autom\u00e1tica convencional com modo manual) e DSG (transmiss\u00e3o de dupla embreagem).<\/p>\n<p>Em transmiss\u00f5es Tiptronic, o problema pode estar relacionado a pacotes de embreagem ou ao sistema hidr\u00e1ulico. Em transmiss\u00f5es DSG, o problema de rela\u00e7\u00e3o de marchas pode envolver falhas nas embreagens duplas ou no sistema eletro-hidr\u00e1ulico que controla a troca de marchas.<\/p>\n<h2>Pode Dirigir com P0730 Ativo?<\/h2>\n<p>Dirigir com o <b>c\u00f3digo P0730 ativo<\/b> n\u00e3o \u00e9 recomendado. A transmiss\u00e3o pode apresentar:<\/p>\n<ul>\n<li>Dificuldade em engatar marchas<\/li>\n<li>Marchas que deslizam ou engatam incorretamente<\/li>\n<li>Aumento significativo no consumo de combust\u00edvel<\/li>\n<li>Comportamento err\u00e1tico da transmiss\u00e3o<\/li>\n<li>Perda de pot\u00eancia<\/li>\n<\/ul>\n<p>Continuar operando a transmiss\u00e3o nessas condi\u00e7\u00f5es pode levar a danos mais graves e caros de reparar, incluindo a necessidade de substitui\u00e7\u00e3o completa da unidade de transmiss\u00e3o.<\/p>\n<h2>Erros Comuns no Diagn\u00f3stico<\/h2>\n<p>Um erro comum \u00e9 focar apenas em um componente isolado sem verificar o sistema como um todo. Por exemplo, substituir solenoides sem verificar o n\u00edvel e a qualidade do fluido, ou ignorar falhas no TCM por acharem que o problema \u00e9 mec\u00e2nico.<\/p>\n<h2>Reparos e Procedimentos<\/h2>\n<p>Os reparos para o <b>P0730 Volkswagen<\/b> variam amplamente:<\/p>\n<ul>\n<li><b>Manuten\u00e7\u00e3o de fluido:<\/b> Substitui\u00e7\u00e3o de fluido e filtro da transmiss\u00e3o.<\/li>\n<li><b>Reparo do sistema hidr\u00e1ulico:<\/b> Substitui\u00e7\u00e3o de solenoides, juntas ou reparo de vazamentos.<\/li>\n<li><b>Reparo mec\u00e2nico interno:<\/b> Reconstru\u00e7\u00e3o da transmiss\u00e3o para corrigir desgaste em embreagens, an\u00e9is sincronizadores ou engrenagens.<\/li>\n<li><b>Substitui\u00e7\u00e3o do TCM:<\/b> Em casos de falha eletr\u00f4nica no m\u00f3dulo de controle.<\/li>\n<li><b>Reparo de chicote\/conectores:<\/b> Corre\u00e7\u00e3o de fia\u00e7\u00e3o danificada ou corro\u00edda.<\/li>\n<\/ul>\n<p>A resolu\u00e7\u00e3o do problema exige um diagn\u00f3stico preciso para evitar reparos desnecess\u00e1rios.<\/p>\n<h2>Gravidade do P0300<\/h2>\n<p>O <b>c\u00f3digo P0730<\/b> \u00e9 considerado de m\u00e9dia a alta gravidade. Ele indica um problema fundamental no funcionamento da transmiss\u00e3o, afetando a seguran\u00e7a e a dirigibilidade do ve\u00edculo. Ignorar o c\u00f3digo pode levar a danos severos e dispendiosos.<\/p>\n<h2>Quando Procurar um Especialista<\/h2>\n<p>Se voc\u00ea n\u00e3o possui as ferramentas adequadas (scanner OBD2 com capacidade de dados de transmiss\u00e3o, man\u00f4metro hidr\u00e1ulico) ou o conhecimento t\u00e9cnico para interpretar os dados, \u00e9 recomend\u00e1vel procurar um especialista em transmiss\u00f5es autom\u00e1ticas. A complexidade desses sistemas exige expertise.<\/p>\n","protected":false},"excerpt":{"rendered":"O c\u00f3digo P0730 (Incorrect Gear Ratio) na Volkswagen indica um problema na rela\u00e7\u00e3o de marchas da transmiss\u00e3o autom\u00e1tica. Frequentemente ligado a problemas hidr\u00e1ulicos ou eletr\u00f4nicos.","protected":false},"author":1,"featured_media":0,"comment_status":"open","ping_status":"open","sticky":false,"template":"","format":"standard","meta":{"csco_display_header_overlay":false,"csco_singular_sidebar":"","csco_page_header_type":"","csco_page_load_nextpost":"","csco_page_reading_time":"","csco_page_toc_navigation":"","csco_post_video_location":[],"csco_post_video_location_hash":"","csco_post_video_url":"","csco_post_video_bg_start_time":0,"csco_post_video_bg_end_time":0,"csco_post_video_bg_volume":false,"footnotes":""},"categories":[13,33,536,45],"tags":[8954,28395,16016,28346,20074,24880,16,2500,28394,5797],"class_list":{"0":"post-13292","1":"post","2":"type-post","3":"status-publish","4":"format-standard","6":"category-diagnostico-dtc","7":"category-dtcs-powertrain","8":"category-transmissao-automatica","9":"category-volkswagen","10":"tag-00646-ford-transmissao","11":"tag-28395","12":"tag-atcm","13":"tag-codigo-17085-volkswagen","14":"tag-codigo-obd2","15":"tag-codigo-p0730-chevrolet","16":"tag-diagnostico","17":"tag-iluminacao-automatica","18":"tag-p0730-volkswagen","19":"tag-relacao-de-marchas","20":"cs-entry","21":"cs-video-wrap"},"yoast_head":"<!-- This site is optimized with the Yoast SEO plugin v27.0 - https:\/\/yoast.com\/product\/yoast-seo-wordpress\/ -->\r\n<title>P0730 Volkswagen: Rela\u00e7\u00e3o de Marcha Incorreta - Oficina Conectada | DTC e C\u00f3digos de Falha<\/title>\r\n<meta name=\"robots\" content=\"index, follow, max-snippet:-1, max-image-preview:large, max-video-preview:-1\" \/>\r\n<link rel=\"canonical\" href=\"https:\/\/oficinaconectada.com.br\/dtc\/sem-categoria\/17116\/\" \/>\r\n<meta property=\"og:locale\" content=\"pt_BR\" \/>\r\n<meta property=\"og:type\" content=\"article\" \/>\r\n<meta property=\"og:title\" content=\"P0730 Volkswagen: Rela\u00e7\u00e3o de Marcha Incorreta - Oficina Conectada | DTC e C\u00f3digos de Falha\" \/>\r\n<meta property=\"og:description\" content=\"O c\u00f3digo P0730 (Incorrect Gear Ratio) na Volkswagen indica um problema na rela\u00e7\u00e3o de marchas da transmiss\u00e3o autom\u00e1tica. Frequentemente ligado a problemas hidr\u00e1ulicos ou eletr\u00f4nicos.\" \/>\r\n<meta property=\"og:url\" content=\"https:\/\/oficinaconectada.com.br\/dtc\/sem-categoria\/17116\/\" \/>\r\n<meta property=\"og:site_name\" content=\"Oficina Conectada | DTC e C\u00f3digos de Falha\" \/>\r\n<meta property=\"article:published_time\" content=\"2026-04-09T13:24:00+00:00\" \/>\r\n<meta name=\"author\" content=\"Pablo Eduardo\" \/>\r\n<meta name=\"twitter:card\" content=\"summary_large_image\" \/>\r\n<meta name=\"twitter:label1\" content=\"Escrito por\" \/>\n\t<meta name=\"twitter:data1\" content=\"Pablo Eduardo\" \/>\n\t<meta name=\"twitter:label2\" content=\"Est. tempo de leitura\" \/>\n\t<meta name=\"twitter:data2\" content=\"5 minutos\" \/>\r\n<script type=\"application\/ld+json\" class=\"yoast-schema-graph\">{\"@context\":\"https:\/\/schema.org\",\"@graph\":[{\"@type\":\"Article\",\"@id\":\"https:\/\/oficinaconectada.com.br\/dtc\/sem-categoria\/17116\/#article\",\"isPartOf\":{\"@id\":\"https:\/\/oficinaconectada.com.br\/dtc\/sem-categoria\/17116\/\"},\"author\":{\"name\":\"Pablo Eduardo\",\"@id\":\"https:\/\/oficinaconectada.com.br\/dtc\/#\/schema\/person\/b05379d5192b1bb9ea5fb9936b746b78\"},\"headline\":\"P0730 Volkswagen: Rela\u00e7\u00e3o de Marcha Incorreta\",\"datePublished\":\"2026-04-09T13:24:00+00:00\",\"mainEntityOfPage\":{\"@id\":\"https:\/\/oficinaconectada.com.br\/dtc\/sem-categoria\/17116\/\"},\"wordCount\":990,\"commentCount\":0,\"publisher\":{\"@id\":\"https:\/\/oficinaconectada.com.br\/dtc\/#organization\"},\"keywords\":[\"00646 Ford transmiss\u00e3o\",\"17116\",\"ATCM\",\"c\u00f3digo 17085 Volkswagen\",\"c\u00f3digo OBD2\",\"c\u00f3digo P0730 Chevrolet\",\"Diagn\u00f3stico\",\"ilumina\u00e7\u00e3o autom\u00e1tica\",\"P0730 Volkswagen\",\"rela\u00e7\u00e3o de marchas\"],\"articleSection\":[\"Diagn\u00f3stico DTC\",\"DTCs Powertrain\",\"Transmiss\u00e3o Autom\u00e1tica\",\"Volkswagen\"],\"inLanguage\":\"pt-BR\",\"potentialAction\":[{\"@type\":\"CommentAction\",\"name\":\"Comment\",\"target\":[\"https:\/\/oficinaconectada.com.br\/dtc\/sem-categoria\/17116\/#respond\"]}]},{\"@type\":\"WebPage\",\"@id\":\"https:\/\/oficinaconectada.com.br\/dtc\/sem-categoria\/17116\/\",\"url\":\"https:\/\/oficinaconectada.com.br\/dtc\/sem-categoria\/17116\/\",\"name\":\"P0730 Volkswagen: Rela\u00e7\u00e3o de Marcha Incorreta - Oficina Conectada | DTC e C\u00f3digos de Falha\",\"isPartOf\":{\"@id\":\"https:\/\/oficinaconectada.com.br\/dtc\/#website\"},\"datePublished\":\"2026-04-09T13:24:00+00:00\",\"breadcrumb\":{\"@id\":\"https:\/\/oficinaconectada.com.br\/dtc\/sem-categoria\/17116\/#breadcrumb\"},\"inLanguage\":\"pt-BR\",\"potentialAction\":[{\"@type\":\"ReadAction\",\"target\":[\"https:\/\/oficinaconectada.com.br\/dtc\/sem-categoria\/17116\/\"]}]},{\"@type\":\"BreadcrumbList\",\"@id\":\"https:\/\/oficinaconectada.com.br\/dtc\/sem-categoria\/17116\/#breadcrumb\",\"itemListElement\":[{\"@type\":\"ListItem\",\"position\":1,\"name\":\"Home\",\"item\":\"https:\/\/oficinaconectada.com.br\/dtc\/\"},{\"@type\":\"ListItem\",\"position\":2,\"name\":\"P0730 Volkswagen: Rela\u00e7\u00e3o de Marcha Incorreta\"}]},{\"@type\":\"WebSite\",\"@id\":\"https:\/\/oficinaconectada.com.br\/dtc\/#website\",\"url\":\"https:\/\/oficinaconectada.com.br\/dtc\/\",\"name\":\"Oficina Conectada | C\u00f3digos de Falha DTC\",\"description\":\"A Oficina Conectada \u00e9 o primeiro passo para o diagn\u00f3stico lucrativo. Consulte c\u00f3digos de falha DTC e OBD2 com causas, sintomas e solu\u00e7\u00f5es profissionais.\",\"publisher\":{\"@id\":\"https:\/\/oficinaconectada.com.br\/dtc\/#organization\"},\"potentialAction\":[{\"@type\":\"SearchAction\",\"target\":{\"@type\":\"EntryPoint\",\"urlTemplate\":\"https:\/\/oficinaconectada.com.br\/dtc\/?s={search_term_string}\"},\"query-input\":{\"@type\":\"PropertyValueSpecification\",\"valueRequired\":true,\"valueName\":\"search_term_string\"}}],\"inLanguage\":\"pt-BR\"},{\"@type\":\"Organization\",\"@id\":\"https:\/\/oficinaconectada.com.br\/dtc\/#organization\",\"name\":\"Oficina Conectada | C\u00f3digos de Falha DTC\",\"url\":\"https:\/\/oficinaconectada.com.br\/dtc\/\",\"logo\":{\"@type\":\"ImageObject\",\"inLanguage\":\"pt-BR\",\"@id\":\"https:\/\/oficinaconectada.com.br\/dtc\/#\/schema\/logo\/image\/\",\"url\":\"https:\/\/oficinaconectada.com.br\/dtc\/wp-content\/uploads\/2026\/02\/OficinaConectadaDTC.png\",\"contentUrl\":\"https:\/\/oficinaconectada.com.br\/dtc\/wp-content\/uploads\/2026\/02\/OficinaConectadaDTC.png\",\"width\":245,\"height\":100,\"caption\":\"Oficina Conectada | C\u00f3digos de Falha DTC\"},\"image\":{\"@id\":\"https:\/\/oficinaconectada.com.br\/dtc\/#\/schema\/logo\/image\/\"}},{\"@type\":\"Person\",\"@id\":\"https:\/\/oficinaconectada.com.br\/dtc\/#\/schema\/person\/b05379d5192b1bb9ea5fb9936b746b78\",\"name\":\"Pablo Eduardo\",\"image\":{\"@type\":\"ImageObject\",\"inLanguage\":\"pt-BR\",\"@id\":\"https:\/\/oficinaconectada.com.br\/dtc\/#\/schema\/person\/image\/\",\"url\":\"https:\/\/secure.gravatar.com\/avatar\/36a476f36de7a3b4526c6c4d1c99c240610b4949b92294d4de2634b206fdbfc6?s=96&d=mm&r=g\",\"contentUrl\":\"https:\/\/secure.gravatar.com\/avatar\/36a476f36de7a3b4526c6c4d1c99c240610b4949b92294d4de2634b206fdbfc6?s=96&d=mm&r=g\",\"caption\":\"Pablo Eduardo\"},\"sameAs\":[\"https:\/\/oficinaconectada.com.br\/dtc\"],\"url\":\"https:\/\/oficinaconectada.com.br\/dtc\/author\/pablo-eduardo\/\"}]}<\/script>\r\n<!-- \/ Yoast SEO plugin. -->","yoast_head_json":{"title":"P0730 Volkswagen: Rela\u00e7\u00e3o de Marcha Incorreta - Oficina Conectada | DTC e C\u00f3digos de Falha","robots":{"index":"index","follow":"follow","max-snippet":"max-snippet:-1","max-image-preview":"max-image-preview:large","max-video-preview":"max-video-preview:-1"},"canonical":"https:\/\/oficinaconectada.com.br\/dtc\/sem-categoria\/17116\/","og_locale":"pt_BR","og_type":"article","og_title":"P0730 Volkswagen: Rela\u00e7\u00e3o de Marcha Incorreta - Oficina Conectada | DTC e C\u00f3digos de Falha","og_description":"O c\u00f3digo P0730 (Incorrect Gear Ratio) na Volkswagen indica um problema na rela\u00e7\u00e3o de marchas da transmiss\u00e3o autom\u00e1tica. Frequentemente ligado a problemas hidr\u00e1ulicos ou eletr\u00f4nicos.","og_url":"https:\/\/oficinaconectada.com.br\/dtc\/sem-categoria\/17116\/","og_site_name":"Oficina Conectada | DTC e C\u00f3digos de Falha","article_published_time":"2026-04-09T13:24:00+00:00","author":"Pablo Eduardo","twitter_card":"summary_large_image","twitter_misc":{"Escrito por":"Pablo Eduardo","Est. tempo de leitura":"5 minutos"},"schema":{"@context":"https:\/\/schema.org","@graph":[{"@type":"Article","@id":"https:\/\/oficinaconectada.com.br\/dtc\/sem-categoria\/17116\/#article","isPartOf":{"@id":"https:\/\/oficinaconectada.com.br\/dtc\/sem-categoria\/17116\/"},"author":{"name":"Pablo Eduardo","@id":"https:\/\/oficinaconectada.com.br\/dtc\/#\/schema\/person\/b05379d5192b1bb9ea5fb9936b746b78"},"headline":"P0730 Volkswagen: Rela\u00e7\u00e3o de Marcha Incorreta","datePublished":"2026-04-09T13:24:00+00:00","mainEntityOfPage":{"@id":"https:\/\/oficinaconectada.com.br\/dtc\/sem-categoria\/17116\/"},"wordCount":990,"commentCount":0,"publisher":{"@id":"https:\/\/oficinaconectada.com.br\/dtc\/#organization"},"keywords":["00646 Ford transmiss\u00e3o","17116","ATCM","c\u00f3digo 17085 Volkswagen","c\u00f3digo OBD2","c\u00f3digo P0730 Chevrolet","Diagn\u00f3stico","ilumina\u00e7\u00e3o autom\u00e1tica","P0730 Volkswagen","rela\u00e7\u00e3o de marchas"],"articleSection":["Diagn\u00f3stico DTC","DTCs Powertrain","Transmiss\u00e3o Autom\u00e1tica","Volkswagen"],"inLanguage":"pt-BR","potentialAction":[{"@type":"CommentAction","name":"Comment","target":["https:\/\/oficinaconectada.com.br\/dtc\/sem-categoria\/17116\/#respond"]}]},{"@type":"WebPage","@id":"https:\/\/oficinaconectada.com.br\/dtc\/sem-categoria\/17116\/","url":"https:\/\/oficinaconectada.com.br\/dtc\/sem-categoria\/17116\/","name":"P0730 Volkswagen: Rela\u00e7\u00e3o de Marcha Incorreta - Oficina Conectada | DTC e C\u00f3digos de Falha","isPartOf":{"@id":"https:\/\/oficinaconectada.com.br\/dtc\/#website"},"datePublished":"2026-04-09T13:24:00+00:00","breadcrumb":{"@id":"https:\/\/oficinaconectada.com.br\/dtc\/sem-categoria\/17116\/#breadcrumb"},"inLanguage":"pt-BR","potentialAction":[{"@type":"ReadAction","target":["https:\/\/oficinaconectada.com.br\/dtc\/sem-categoria\/17116\/"]}]},{"@type":"BreadcrumbList","@id":"https:\/\/oficinaconectada.com.br\/dtc\/sem-categoria\/17116\/#breadcrumb","itemListElement":[{"@type":"ListItem","position":1,"name":"Home","item":"https:\/\/oficinaconectada.com.br\/dtc\/"},{"@type":"ListItem","position":2,"name":"P0730 Volkswagen: Rela\u00e7\u00e3o de Marcha Incorreta"}]},{"@type":"WebSite","@id":"https:\/\/oficinaconectada.com.br\/dtc\/#website","url":"https:\/\/oficinaconectada.com.br\/dtc\/","name":"Oficina Conectada | C\u00f3digos de Falha DTC","description":"A Oficina Conectada \u00e9 o primeiro passo para o diagn\u00f3stico lucrativo. Consulte c\u00f3digos de falha DTC e OBD2 com causas, sintomas e solu\u00e7\u00f5es profissionais.","publisher":{"@id":"https:\/\/oficinaconectada.com.br\/dtc\/#organization"},"potentialAction":[{"@type":"SearchAction","target":{"@type":"EntryPoint","urlTemplate":"https:\/\/oficinaconectada.com.br\/dtc\/?s={search_term_string}"},"query-input":{"@type":"PropertyValueSpecification","valueRequired":true,"valueName":"search_term_string"}}],"inLanguage":"pt-BR"},{"@type":"Organization","@id":"https:\/\/oficinaconectada.com.br\/dtc\/#organization","name":"Oficina Conectada | C\u00f3digos de Falha DTC","url":"https:\/\/oficinaconectada.com.br\/dtc\/","logo":{"@type":"ImageObject","inLanguage":"pt-BR","@id":"https:\/\/oficinaconectada.com.br\/dtc\/#\/schema\/logo\/image\/","url":"https:\/\/oficinaconectada.com.br\/dtc\/wp-content\/uploads\/2026\/02\/OficinaConectadaDTC.png","contentUrl":"https:\/\/oficinaconectada.com.br\/dtc\/wp-content\/uploads\/2026\/02\/OficinaConectadaDTC.png","width":245,"height":100,"caption":"Oficina Conectada | C\u00f3digos de Falha DTC"},"image":{"@id":"https:\/\/oficinaconectada.com.br\/dtc\/#\/schema\/logo\/image\/"}},{"@type":"Person","@id":"https:\/\/oficinaconectada.com.br\/dtc\/#\/schema\/person\/b05379d5192b1bb9ea5fb9936b746b78","name":"Pablo Eduardo","image":{"@type":"ImageObject","inLanguage":"pt-BR","@id":"https:\/\/oficinaconectada.com.br\/dtc\/#\/schema\/person\/image\/","url":"https:\/\/secure.gravatar.com\/avatar\/36a476f36de7a3b4526c6c4d1c99c240610b4949b92294d4de2634b206fdbfc6?s=96&d=mm&r=g","contentUrl":"https:\/\/secure.gravatar.com\/avatar\/36a476f36de7a3b4526c6c4d1c99c240610b4949b92294d4de2634b206fdbfc6?s=96&d=mm&r=g","caption":"Pablo Eduardo"},"sameAs":["https:\/\/oficinaconectada.com.br\/dtc"],"url":"https:\/\/oficinaconectada.com.br\/dtc\/author\/pablo-eduardo\/"}]}},"yoast_title":"","yoast_metadesc":"","yoast_focus_keyword":"","yoast_readability":"","yoast_keyword_density":"","_links":{"self":[{"href":"https:\/\/oficinaconectada.com.br\/dtc\/wp-json\/wp\/v2\/posts\/13292","targetHints":{"allow":["GET"]}}],"collection":[{"href":"https:\/\/oficinaconectada.com.br\/dtc\/wp-json\/wp\/v2\/posts"}],"about":[{"href":"https:\/\/oficinaconectada.com.br\/dtc\/wp-json\/wp\/v2\/types\/post"}],"author":[{"embeddable":true,"href":"https:\/\/oficinaconectada.com.br\/dtc\/wp-json\/wp\/v2\/users\/1"}],"replies":[{"embeddable":true,"href":"https:\/\/oficinaconectada.com.br\/dtc\/wp-json\/wp\/v2\/comments?post=13292"}],"version-history":[{"count":0,"href":"https:\/\/oficinaconectada.com.br\/dtc\/wp-json\/wp\/v2\/posts\/13292\/revisions"}],"wp:attachment":[{"href":"https:\/\/oficinaconectada.com.br\/dtc\/wp-json\/wp\/v2\/media?parent=13292"}],"wp:term":[{"taxonomy":"category","embeddable":true,"href":"https:\/\/oficinaconectada.com.br\/dtc\/wp-json\/wp\/v2\/categories?post=13292"},{"taxonomy":"post_tag","embeddable":true,"href":"https:\/\/oficinaconectada.com.br\/dtc\/wp-json\/wp\/v2\/tags?post=13292"}],"curies":[{"name":"wp","href":"https:\/\/api.w.org\/{rel}","templated":true}]}}