{"id":13291,"date":"2026-04-09T10:23:29","date_gmt":"2026-04-09T13:23:29","guid":{"rendered":"https:\/\/oficinaconectada.com.br\/dtc\/sem-categoria\/17115\/"},"modified":"2026-04-09T10:23:29","modified_gmt":"2026-04-09T13:23:29","slug":"17115","status":"publish","type":"post","link":"https:\/\/oficinaconectada.com.br\/dtc\/diagnostico-dtc\/17115\/","title":{"rendered":"P0731 Volkswagen: Raz\u00e3o de Marcha Incorreta"},"content":{"rendered":"<h1>C\u00f3digo P0731 Volkswagen: Diagn\u00f3stico de Raz\u00e3o de Marcha Incorreta na Transmiss\u00e3o<\/h1>\n<p>O <b>c\u00f3digo P0731<\/b> na transmiss\u00e3o autom\u00e1tica de ve\u00edculos Volkswagen indica que a Unidade de Controle da Transmiss\u00e3o (TCU) detectou uma <b>raz\u00e3o de marcha incorreta<\/b> na 1\u00aa marcha. Isso significa que a velocidade das engrenagens de entrada e sa\u00edda n\u00e3o corresponde \u00e0 rela\u00e7\u00e3o esperada para a primeira marcha.<\/p>\n<h2>O que significa P0731?<\/h2>\n<p>O c\u00f3digo P0731 \u00e9 acionado quando a TCU compara a rela\u00e7\u00e3o de rota\u00e7\u00e3o entre os eixos de entrada e sa\u00edda da transmiss\u00e3o e constata que ela difere da rela\u00e7\u00e3o esperada para a 1\u00aa marcha. Este desvio pode ocorrer por falhas internas na transmiss\u00e3o ou problemas no controle eletr\u00f4nico.<\/p>\n<h2>Causas Comuns do C\u00f3digo P0731 Volkswagen<\/h2>\n<p>As causas para o <b>P0731 em Volkswagen<\/b> geralmente envolvem:<\/p>\n<ul>\n<li><b>Falha em solenoides de controle de press\u00e3o ou de engrenagem:<\/b> Solenoides defeituosos podem n\u00e3o controlar a press\u00e3o hidr\u00e1ulica corretamente, impedindo o engate adequado da 1\u00aa marcha.<\/li>\n<li><b>Baixo n\u00edvel ou contamina\u00e7\u00e3o do fluido da transmiss\u00e3o:<\/b> Fluido insuficiente ou sujo compromete a atua\u00e7\u00e3o dos componentes hidr\u00e1ulicos e a lubrifica\u00e7\u00e3o.<\/li>\n<li><b>Problemas no corpo de v\u00e1lvulas:<\/b> Bloqueios ou desgaste nas v\u00e1lvulas podem impedir o fluxo correto do fluido.<\/li>\n<li><b>Desgaste interno na transmiss\u00e3o:<\/b> Componentes como discos de embreagem, an\u00e9is de veda\u00e7\u00e3o ou engrenagens podem estar desgastados.<\/li>\n<li><b>Problemas na unidade de controle da transmiss\u00e3o (TCU):<\/b> Falhas eletr\u00f4nicas na TCU podem levar a comandos incorretos.<\/li>\n<li><b>Falha no sensor de velocidade de entrada ou sa\u00edda da transmiss\u00e3o:<\/b> Leituras imprecisas desses sensores podem induzir a TCU a registrar um erro de rela\u00e7\u00e3o de marcha.<\/li>\n<\/ul>\n<h2>Diagn\u00f3stico do P0731 Volkswagen<\/h2>\n<p>O diagn\u00f3stico do <b>c\u00f3digo P0731 em Volkswagen<\/b> requer ferramentas espec\u00edficas e conhecimento t\u00e9cnico:<\/p>\n<ol>\n<li><b>Scanner OBD2 com Capacidade de Diagn\u00f3stico de Transmiss\u00e3o:<\/b> Utilize um scanner profissional para ler c\u00f3digos de falha da TCU e analisar dados em tempo real (live data).<\/li>\n<li><b>Verificar N\u00edvel e Condi\u00e7\u00e3o do Fluido:<\/b> Inspecione o n\u00edvel e a qualidade do fluido da transmiss\u00e3o. Fluido baixo, escuro ou com cheiro de queimado indica problemas s\u00e9rios.<\/li>\n<li><b>Testar Sensores de Velocidade:<\/b> Consulte o <b>diagrama el\u00e9trico no DIAGWEB<\/b> para localizar os sensores de velocidade de entrada e sa\u00edda da transmiss\u00e3o. Verifique a voltagem e a integridade dos sinais com um oscilosc\u00f3pio ou mult\u00edmetro.<\/li>\n<li><b>Verificar Atua\u00e7\u00e3o dos Solenoides:<\/b> Use o scanner para comandar a atua\u00e7\u00e3o dos solenoides de engrenagem e press\u00e3o. Me\u00e7a a resist\u00eancia e verifique se h\u00e1 resposta el\u00e9trica adequada.<\/li>\n<li><b>Inspecionar o Corpo de V\u00e1lvulas:<\/b> Se poss\u00edvel, remova e inspecione o corpo de v\u00e1lvulas em busca de obstru\u00e7\u00f5es ou desgaste.<\/li>\n<li><b>Testes Hidr\u00e1ulicos (se aplic\u00e1vel):<\/b> Em alguns casos, testes de press\u00e3o hidr\u00e1ulica podem ser necess\u00e1rios.<\/li>\n<\/ol>\n<h2>Diagrama El\u00e9trico e Teste de Circuito no DIAGWEB<\/h2>\n<p>Para diagnosticar com precis\u00e3o o <b>c\u00f3digo P0731 em Volkswagen<\/b>, a consulta ao <b>diagrama el\u00e9trico no DIAGWEB<\/b> \u00e9 fundamental:<\/p>\n<ul>\n<li><b>Acesso ao DIAGWEB:<\/b> Procure por Volkswagen, o ano\/modelo espec\u00edfico do ve\u00edculo e o sistema de Transmiss\u00e3o Autom\u00e1tica (ou Tiptronic\/DSG).<\/li>\n<li><b>Localizar Componentes:<\/b> Identifique os solenoides de controle de marchas, os sensores de velocidade de entrada e sa\u00edda, e o conector da TCU.<\/li>\n<li><b>Testes de Fia\u00e7\u00e3o e Conectores:<\/b> Verifique a continuidade e a resist\u00eancia da fia\u00e7\u00e3o entre os solenoides\/sensores e a TCU. Procure por corros\u00e3o ou pinos danificados nos conectores.<\/li>\n<li><b>Verificar Sinais dos Sensores:<\/b> O diagrama mostrar\u00e1 os pinos corretos para medir a voltagem e o sinal dos sensores de velocidade.<\/li>\n<li><b>Comandos da TCU:<\/b> Entenda quais pinos da TCU recebem os sinais de ativa\u00e7\u00e3o para os solenoides.<\/li>\n<\/ul>\n<p>O diagrama do DIAGWEB \u00e9 a refer\u00eancia t\u00e9cnica para validar os testes el\u00e9tricos e garantir que o problema n\u00e3o seja um simples defeito de fia\u00e7\u00e3o ou conector.<\/p>\n<h2>P0731 e Outros C\u00f3digos de Transmiss\u00e3o<\/h2>\n<p>O <b>c\u00f3digo P0731<\/b> raramente aparece isolado. Frequentemente, est\u00e1 associado a outros c\u00f3digos relacionados \u00e0 transmiss\u00e3o, como:<\/p>\n<ul>\n<li>P0732 (Raz\u00e3o de Marcha Incorreta &#8211; 2\u00aa Marcha)<\/li>\n<li>P0733 (Raz\u00e3o de Marcha Incorreta &#8211; 3\u00aa Marcha)<\/li>\n<li>P0734 (Raz\u00e3o de Marcha Incorreta &#8211; 4\u00aa Marcha)<\/li>\n<li>P0741 (Torque Converter Clutch Circuit Performance\/Stuck Off)<\/li>\n<li>P0750-P0765 (Solenoides de Troca de Marcha)<\/li>\n<\/ul>\n<p>A an\u00e1lise conjunta desses c\u00f3digos ajuda a direcionar o diagn\u00f3stico para \u00e1reas espec\u00edficas da transmiss\u00e3o.<\/p>\n<h2>Componentes Afetados em Transmiss\u00f5es Volkswagen<\/h2>\n<p>Transmiss\u00f5es como a 09G, 09K, 09M, 0AM (DSG) em ve\u00edculos Volkswagen s\u00e3o suscet\u00edveis ao c\u00f3digo P0731. A identifica\u00e7\u00e3o exata do tipo de transmiss\u00e3o \u00e9 crucial para consultar o diagrama correto no DIAGWEB.<\/p>\n<h2>Pode Dirigir com P0731?<\/h2>\n<p>Dirigir com o <b>c\u00f3digo P0731 ativo<\/b> n\u00e3o \u00e9 recomendado. O ve\u00edculo pode apresentar:<\/p>\n<ul>\n<li>Dificuldade ou incapacidade de engatar a 1\u00aa marcha.<\/li>\n<li>Engates bruscos ou trancos ao tentar trocar de marcha.<\/li>\n<li>Modo de seguran\u00e7a (limp mode) ativado, limitando a velocidade e as marchas dispon\u00edveis.<\/li>\n<li>Aumento do desgaste interno da transmiss\u00e3o, potencialmente levando a reparos mais caros.<\/li>\n<\/ul>\n<p>\u00c9 essencial diagnosticar e reparar o problema o mais r\u00e1pido poss\u00edvel para evitar danos maiores \u00e0 transmiss\u00e3o.<\/p>\n","protected":false},"excerpt":{"rendered":"O c\u00f3digo P0731 indica que a rela\u00e7\u00e3o de marchas detectada pela transmiss\u00e3o autom\u00e1tica do Volkswagen est\u00e1 incorreta para a marcha engatada. Requer diagn\u00f3stico especializado.","protected":false},"author":1,"featured_media":0,"comment_status":"open","ping_status":"open","sticky":false,"template":"","format":"standard","meta":{"csco_display_header_overlay":false,"csco_singular_sidebar":"","csco_page_header_type":"","csco_page_load_nextpost":"","csco_page_reading_time":"","csco_page_toc_navigation":"","csco_post_video_location":[],"csco_post_video_location_hash":"","csco_post_video_url":"","csco_post_video_bg_start_time":0,"csco_post_video_bg_end_time":0,"csco_post_video_bg_volume":false,"footnotes":""},"categories":[13,33,536,45],"tags":[28393,10717,28346,10485,16,6081,28392,10649,28391],"class_list":{"0":"post-13291","1":"post","2":"type-post","3":"status-publish","4":"format-standard","6":"category-diagnostico-dtc","7":"category-dtcs-powertrain","8":"category-transmissao-automatica","9":"category-volkswagen","10":"tag-28393","11":"tag-atuador-solenoide","12":"tag-codigo-17085-volkswagen","13":"tag-codigo-p0731-ford","14":"tag-diagnostico","15":"tag-modulo-tcu","16":"tag-p0731-volkswagen","17":"tag-p1656-ford-transmissao-automatica","18":"tag-razao-de-marcha","19":"cs-entry","20":"cs-video-wrap"},"yoast_head":"<!-- This site is optimized with the Yoast SEO plugin v27.0 - https:\/\/yoast.com\/product\/yoast-seo-wordpress\/ -->\r\n<title>P0731 Volkswagen: Raz\u00e3o de Marcha Incorreta - Oficina Conectada | DTC e C\u00f3digos de Falha<\/title>\r\n<meta name=\"robots\" content=\"index, follow, max-snippet:-1, max-image-preview:large, max-video-preview:-1\" \/>\r\n<link rel=\"canonical\" href=\"https:\/\/oficinaconectada.com.br\/dtc\/sem-categoria\/17115\/\" \/>\r\n<meta property=\"og:locale\" content=\"pt_BR\" \/>\r\n<meta property=\"og:type\" content=\"article\" \/>\r\n<meta property=\"og:title\" content=\"P0731 Volkswagen: Raz\u00e3o de Marcha Incorreta - Oficina Conectada | DTC e C\u00f3digos de Falha\" \/>\r\n<meta property=\"og:description\" content=\"O c\u00f3digo P0731 indica que a rela\u00e7\u00e3o de marchas detectada pela transmiss\u00e3o autom\u00e1tica do Volkswagen est\u00e1 incorreta para a marcha engatada. Requer diagn\u00f3stico especializado.\" \/>\r\n<meta property=\"og:url\" content=\"https:\/\/oficinaconectada.com.br\/dtc\/sem-categoria\/17115\/\" \/>\r\n<meta property=\"og:site_name\" content=\"Oficina Conectada | DTC e C\u00f3digos de Falha\" \/>\r\n<meta property=\"article:published_time\" content=\"2026-04-09T13:23:29+00:00\" \/>\r\n<meta name=\"author\" content=\"Pablo Eduardo\" \/>\r\n<meta name=\"twitter:card\" content=\"summary_large_image\" \/>\r\n<meta name=\"twitter:label1\" content=\"Escrito por\" \/>\n\t<meta name=\"twitter:data1\" content=\"Pablo Eduardo\" \/>\n\t<meta name=\"twitter:label2\" content=\"Est. tempo de leitura\" \/>\n\t<meta name=\"twitter:data2\" content=\"4 minutos\" \/>\r\n<script type=\"application\/ld+json\" class=\"yoast-schema-graph\">{\"@context\":\"https:\/\/schema.org\",\"@graph\":[{\"@type\":\"Article\",\"@id\":\"https:\/\/oficinaconectada.com.br\/dtc\/sem-categoria\/17115\/#article\",\"isPartOf\":{\"@id\":\"https:\/\/oficinaconectada.com.br\/dtc\/sem-categoria\/17115\/\"},\"author\":{\"name\":\"Pablo Eduardo\",\"@id\":\"https:\/\/oficinaconectada.com.br\/dtc\/#\/schema\/person\/b05379d5192b1bb9ea5fb9936b746b78\"},\"headline\":\"P0731 Volkswagen: Raz\u00e3o de Marcha Incorreta\",\"datePublished\":\"2026-04-09T13:23:29+00:00\",\"mainEntityOfPage\":{\"@id\":\"https:\/\/oficinaconectada.com.br\/dtc\/sem-categoria\/17115\/\"},\"wordCount\":882,\"commentCount\":0,\"publisher\":{\"@id\":\"https:\/\/oficinaconectada.com.br\/dtc\/#organization\"},\"keywords\":[\"17115\",\"atuador solen\u00f3ide\",\"c\u00f3digo 17085 Volkswagen\",\"c\u00f3digo P0731 Ford\",\"Diagn\u00f3stico\",\"m\u00f3dulo TCU\",\"P0731 Volkswagen\",\"P1656 Ford transmiss\u00e3o autom\u00e1tica\",\"raz\u00e3o de marcha\"],\"articleSection\":[\"Diagn\u00f3stico DTC\",\"DTCs Powertrain\",\"Transmiss\u00e3o Autom\u00e1tica\",\"Volkswagen\"],\"inLanguage\":\"pt-BR\",\"potentialAction\":[{\"@type\":\"CommentAction\",\"name\":\"Comment\",\"target\":[\"https:\/\/oficinaconectada.com.br\/dtc\/sem-categoria\/17115\/#respond\"]}]},{\"@type\":\"WebPage\",\"@id\":\"https:\/\/oficinaconectada.com.br\/dtc\/sem-categoria\/17115\/\",\"url\":\"https:\/\/oficinaconectada.com.br\/dtc\/sem-categoria\/17115\/\",\"name\":\"P0731 Volkswagen: Raz\u00e3o de Marcha Incorreta - Oficina Conectada | DTC e C\u00f3digos de Falha\",\"isPartOf\":{\"@id\":\"https:\/\/oficinaconectada.com.br\/dtc\/#website\"},\"datePublished\":\"2026-04-09T13:23:29+00:00\",\"breadcrumb\":{\"@id\":\"https:\/\/oficinaconectada.com.br\/dtc\/sem-categoria\/17115\/#breadcrumb\"},\"inLanguage\":\"pt-BR\",\"potentialAction\":[{\"@type\":\"ReadAction\",\"target\":[\"https:\/\/oficinaconectada.com.br\/dtc\/sem-categoria\/17115\/\"]}]},{\"@type\":\"BreadcrumbList\",\"@id\":\"https:\/\/oficinaconectada.com.br\/dtc\/sem-categoria\/17115\/#breadcrumb\",\"itemListElement\":[{\"@type\":\"ListItem\",\"position\":1,\"name\":\"Home\",\"item\":\"https:\/\/oficinaconectada.com.br\/dtc\/\"},{\"@type\":\"ListItem\",\"position\":2,\"name\":\"P0731 Volkswagen: Raz\u00e3o de Marcha Incorreta\"}]},{\"@type\":\"WebSite\",\"@id\":\"https:\/\/oficinaconectada.com.br\/dtc\/#website\",\"url\":\"https:\/\/oficinaconectada.com.br\/dtc\/\",\"name\":\"Oficina Conectada | C\u00f3digos de Falha DTC\",\"description\":\"A Oficina Conectada \u00e9 o primeiro passo para o diagn\u00f3stico lucrativo. Consulte c\u00f3digos de falha DTC e OBD2 com causas, sintomas e solu\u00e7\u00f5es profissionais.\",\"publisher\":{\"@id\":\"https:\/\/oficinaconectada.com.br\/dtc\/#organization\"},\"potentialAction\":[{\"@type\":\"SearchAction\",\"target\":{\"@type\":\"EntryPoint\",\"urlTemplate\":\"https:\/\/oficinaconectada.com.br\/dtc\/?s={search_term_string}\"},\"query-input\":{\"@type\":\"PropertyValueSpecification\",\"valueRequired\":true,\"valueName\":\"search_term_string\"}}],\"inLanguage\":\"pt-BR\"},{\"@type\":\"Organization\",\"@id\":\"https:\/\/oficinaconectada.com.br\/dtc\/#organization\",\"name\":\"Oficina Conectada | C\u00f3digos de Falha DTC\",\"url\":\"https:\/\/oficinaconectada.com.br\/dtc\/\",\"logo\":{\"@type\":\"ImageObject\",\"inLanguage\":\"pt-BR\",\"@id\":\"https:\/\/oficinaconectada.com.br\/dtc\/#\/schema\/logo\/image\/\",\"url\":\"https:\/\/oficinaconectada.com.br\/dtc\/wp-content\/uploads\/2026\/02\/OficinaConectadaDTC.png\",\"contentUrl\":\"https:\/\/oficinaconectada.com.br\/dtc\/wp-content\/uploads\/2026\/02\/OficinaConectadaDTC.png\",\"width\":245,\"height\":100,\"caption\":\"Oficina Conectada | C\u00f3digos de Falha DTC\"},\"image\":{\"@id\":\"https:\/\/oficinaconectada.com.br\/dtc\/#\/schema\/logo\/image\/\"}},{\"@type\":\"Person\",\"@id\":\"https:\/\/oficinaconectada.com.br\/dtc\/#\/schema\/person\/b05379d5192b1bb9ea5fb9936b746b78\",\"name\":\"Pablo Eduardo\",\"image\":{\"@type\":\"ImageObject\",\"inLanguage\":\"pt-BR\",\"@id\":\"https:\/\/oficinaconectada.com.br\/dtc\/#\/schema\/person\/image\/\",\"url\":\"https:\/\/secure.gravatar.com\/avatar\/36a476f36de7a3b4526c6c4d1c99c240610b4949b92294d4de2634b206fdbfc6?s=96&d=mm&r=g\",\"contentUrl\":\"https:\/\/secure.gravatar.com\/avatar\/36a476f36de7a3b4526c6c4d1c99c240610b4949b92294d4de2634b206fdbfc6?s=96&d=mm&r=g\",\"caption\":\"Pablo Eduardo\"},\"sameAs\":[\"https:\/\/oficinaconectada.com.br\/dtc\"],\"url\":\"https:\/\/oficinaconectada.com.br\/dtc\/author\/pablo-eduardo\/\"}]}<\/script>\r\n<!-- \/ Yoast SEO plugin. -->","yoast_head_json":{"title":"P0731 Volkswagen: Raz\u00e3o de Marcha Incorreta - Oficina Conectada | DTC e C\u00f3digos de Falha","robots":{"index":"index","follow":"follow","max-snippet":"max-snippet:-1","max-image-preview":"max-image-preview:large","max-video-preview":"max-video-preview:-1"},"canonical":"https:\/\/oficinaconectada.com.br\/dtc\/sem-categoria\/17115\/","og_locale":"pt_BR","og_type":"article","og_title":"P0731 Volkswagen: Raz\u00e3o de Marcha Incorreta - Oficina Conectada | DTC e C\u00f3digos de Falha","og_description":"O c\u00f3digo P0731 indica que a rela\u00e7\u00e3o de marchas detectada pela transmiss\u00e3o autom\u00e1tica do Volkswagen est\u00e1 incorreta para a marcha engatada. Requer diagn\u00f3stico especializado.","og_url":"https:\/\/oficinaconectada.com.br\/dtc\/sem-categoria\/17115\/","og_site_name":"Oficina Conectada | DTC e C\u00f3digos de Falha","article_published_time":"2026-04-09T13:23:29+00:00","author":"Pablo Eduardo","twitter_card":"summary_large_image","twitter_misc":{"Escrito por":"Pablo Eduardo","Est. tempo de leitura":"4 minutos"},"schema":{"@context":"https:\/\/schema.org","@graph":[{"@type":"Article","@id":"https:\/\/oficinaconectada.com.br\/dtc\/sem-categoria\/17115\/#article","isPartOf":{"@id":"https:\/\/oficinaconectada.com.br\/dtc\/sem-categoria\/17115\/"},"author":{"name":"Pablo Eduardo","@id":"https:\/\/oficinaconectada.com.br\/dtc\/#\/schema\/person\/b05379d5192b1bb9ea5fb9936b746b78"},"headline":"P0731 Volkswagen: Raz\u00e3o de Marcha Incorreta","datePublished":"2026-04-09T13:23:29+00:00","mainEntityOfPage":{"@id":"https:\/\/oficinaconectada.com.br\/dtc\/sem-categoria\/17115\/"},"wordCount":882,"commentCount":0,"publisher":{"@id":"https:\/\/oficinaconectada.com.br\/dtc\/#organization"},"keywords":["17115","atuador solen\u00f3ide","c\u00f3digo 17085 Volkswagen","c\u00f3digo P0731 Ford","Diagn\u00f3stico","m\u00f3dulo TCU","P0731 Volkswagen","P1656 Ford transmiss\u00e3o autom\u00e1tica","raz\u00e3o de marcha"],"articleSection":["Diagn\u00f3stico DTC","DTCs Powertrain","Transmiss\u00e3o Autom\u00e1tica","Volkswagen"],"inLanguage":"pt-BR","potentialAction":[{"@type":"CommentAction","name":"Comment","target":["https:\/\/oficinaconectada.com.br\/dtc\/sem-categoria\/17115\/#respond"]}]},{"@type":"WebPage","@id":"https:\/\/oficinaconectada.com.br\/dtc\/sem-categoria\/17115\/","url":"https:\/\/oficinaconectada.com.br\/dtc\/sem-categoria\/17115\/","name":"P0731 Volkswagen: Raz\u00e3o de Marcha Incorreta - Oficina Conectada | DTC e C\u00f3digos de Falha","isPartOf":{"@id":"https:\/\/oficinaconectada.com.br\/dtc\/#website"},"datePublished":"2026-04-09T13:23:29+00:00","breadcrumb":{"@id":"https:\/\/oficinaconectada.com.br\/dtc\/sem-categoria\/17115\/#breadcrumb"},"inLanguage":"pt-BR","potentialAction":[{"@type":"ReadAction","target":["https:\/\/oficinaconectada.com.br\/dtc\/sem-categoria\/17115\/"]}]},{"@type":"BreadcrumbList","@id":"https:\/\/oficinaconectada.com.br\/dtc\/sem-categoria\/17115\/#breadcrumb","itemListElement":[{"@type":"ListItem","position":1,"name":"Home","item":"https:\/\/oficinaconectada.com.br\/dtc\/"},{"@type":"ListItem","position":2,"name":"P0731 Volkswagen: Raz\u00e3o de Marcha Incorreta"}]},{"@type":"WebSite","@id":"https:\/\/oficinaconectada.com.br\/dtc\/#website","url":"https:\/\/oficinaconectada.com.br\/dtc\/","name":"Oficina Conectada | C\u00f3digos de Falha DTC","description":"A Oficina Conectada \u00e9 o primeiro passo para o diagn\u00f3stico lucrativo. Consulte c\u00f3digos de falha DTC e OBD2 com causas, sintomas e solu\u00e7\u00f5es profissionais.","publisher":{"@id":"https:\/\/oficinaconectada.com.br\/dtc\/#organization"},"potentialAction":[{"@type":"SearchAction","target":{"@type":"EntryPoint","urlTemplate":"https:\/\/oficinaconectada.com.br\/dtc\/?s={search_term_string}"},"query-input":{"@type":"PropertyValueSpecification","valueRequired":true,"valueName":"search_term_string"}}],"inLanguage":"pt-BR"},{"@type":"Organization","@id":"https:\/\/oficinaconectada.com.br\/dtc\/#organization","name":"Oficina Conectada | C\u00f3digos de Falha DTC","url":"https:\/\/oficinaconectada.com.br\/dtc\/","logo":{"@type":"ImageObject","inLanguage":"pt-BR","@id":"https:\/\/oficinaconectada.com.br\/dtc\/#\/schema\/logo\/image\/","url":"https:\/\/oficinaconectada.com.br\/dtc\/wp-content\/uploads\/2026\/02\/OficinaConectadaDTC.png","contentUrl":"https:\/\/oficinaconectada.com.br\/dtc\/wp-content\/uploads\/2026\/02\/OficinaConectadaDTC.png","width":245,"height":100,"caption":"Oficina Conectada | C\u00f3digos de Falha DTC"},"image":{"@id":"https:\/\/oficinaconectada.com.br\/dtc\/#\/schema\/logo\/image\/"}},{"@type":"Person","@id":"https:\/\/oficinaconectada.com.br\/dtc\/#\/schema\/person\/b05379d5192b1bb9ea5fb9936b746b78","name":"Pablo Eduardo","image":{"@type":"ImageObject","inLanguage":"pt-BR","@id":"https:\/\/oficinaconectada.com.br\/dtc\/#\/schema\/person\/image\/","url":"https:\/\/secure.gravatar.com\/avatar\/36a476f36de7a3b4526c6c4d1c99c240610b4949b92294d4de2634b206fdbfc6?s=96&d=mm&r=g","contentUrl":"https:\/\/secure.gravatar.com\/avatar\/36a476f36de7a3b4526c6c4d1c99c240610b4949b92294d4de2634b206fdbfc6?s=96&d=mm&r=g","caption":"Pablo Eduardo"},"sameAs":["https:\/\/oficinaconectada.com.br\/dtc"],"url":"https:\/\/oficinaconectada.com.br\/dtc\/author\/pablo-eduardo\/"}]}},"yoast_title":"","yoast_metadesc":"","yoast_focus_keyword":"","yoast_readability":"","yoast_keyword_density":"","_links":{"self":[{"href":"https:\/\/oficinaconectada.com.br\/dtc\/wp-json\/wp\/v2\/posts\/13291","targetHints":{"allow":["GET"]}}],"collection":[{"href":"https:\/\/oficinaconectada.com.br\/dtc\/wp-json\/wp\/v2\/posts"}],"about":[{"href":"https:\/\/oficinaconectada.com.br\/dtc\/wp-json\/wp\/v2\/types\/post"}],"author":[{"embeddable":true,"href":"https:\/\/oficinaconectada.com.br\/dtc\/wp-json\/wp\/v2\/users\/1"}],"replies":[{"embeddable":true,"href":"https:\/\/oficinaconectada.com.br\/dtc\/wp-json\/wp\/v2\/comments?post=13291"}],"version-history":[{"count":0,"href":"https:\/\/oficinaconectada.com.br\/dtc\/wp-json\/wp\/v2\/posts\/13291\/revisions"}],"wp:attachment":[{"href":"https:\/\/oficinaconectada.com.br\/dtc\/wp-json\/wp\/v2\/media?parent=13291"}],"wp:term":[{"taxonomy":"category","embeddable":true,"href":"https:\/\/oficinaconectada.com.br\/dtc\/wp-json\/wp\/v2\/categories?post=13291"},{"taxonomy":"post_tag","embeddable":true,"href":"https:\/\/oficinaconectada.com.br\/dtc\/wp-json\/wp\/v2\/tags?post=13291"}],"curies":[{"name":"wp","href":"https:\/\/api.w.org\/{rel}","templated":true}]}}