{"id":13262,"date":"2026-04-09T10:00:13","date_gmt":"2026-04-09T13:00:13","guid":{"rendered":"https:\/\/oficinaconectada.com.br\/dtc\/sem-categoria\/u056f\/"},"modified":"2026-04-09T10:00:13","modified_gmt":"2026-04-09T13:00:13","slug":"u056f","status":"publish","type":"post","link":"https:\/\/oficinaconectada.com.br\/dtc\/diagnostico-dtc\/u056f\/","title":{"rendered":"U056F SAE: Dados Inv\u00e1lidos do Sensor de Imagem J"},"content":{"rendered":"<h1>C\u00f3digo U056F SAE: Diagn\u00f3stico de Dados Inv\u00e1lidos do Sensor de Imagem J<\/h1>\n<p>O <b>c\u00f3digo U056F<\/b>, definido pelo padr\u00e3o SAE (Society of Automotive Engineers), indica &#8216;Invalid Data Received From Image Processing Sensor J&#8217;. Este DTC aponta para uma falha na comunica\u00e7\u00e3o onde um m\u00f3dulo de controle recebeu informa\u00e7\u00f5es incorretas de um sensor espec\u00edfico, neste caso, um &#8216;Sensor de Processamento de Imagem J&#8217;.<\/p>\n<h2>O que significa U056F?<\/h2>\n<p>Este c\u00f3digo de diagn\u00f3stico se refere a problemas de comunica\u00e7\u00e3o na rede CAN (Controller Area Network) ou outras redes de comunica\u00e7\u00e3o veicular. O m\u00f3dulo que registrou o c\u00f3digo (geralmente a ECU ou um m\u00f3dulo de controle espec\u00edfico) deixou de confiar nos dados enviados pelo &#8216;Image Processing Sensor J&#8217;, seja por estarem fora do intervalo esperado, serem inconsistentes ou inexistentes.<\/p>\n<h2>Causas Comuns do U056F<\/h2>\n<ul>\n<li>Problemas na fia\u00e7\u00e3o ou conectores do Sensor de Imagem J<\/li>\n<li>O pr\u00f3prio Sensor de Imagem J com defeito<\/li>\n<li>Problemas no m\u00f3dulo de controle que recebe os dados<\/li>\n<li>Interfer\u00eancia eletromagn\u00e9tica na rede de comunica\u00e7\u00e3o<\/li>\n<li>Atualiza\u00e7\u00e3o de software incompleta ou corrompida<\/li>\n<li>Falha na rede de comunica\u00e7\u00e3o do ve\u00edculo (CAN bus)<\/li>\n<\/ul>\n<h2>Como Diagnosticar U056F<\/h2>\n<p>O diagn\u00f3stico do <b>c\u00f3digo U056F<\/b> requer uma abordagem sistem\u00e1tica, focada na rede de comunica\u00e7\u00e3o e nos sensores envolvidos:<\/p>\n<ol>\n<li>Conectar um scanner OBD2 com capacidade de diagn\u00f3stico de m\u00f3dulos (n\u00e3o apenas DTCs de motor).<\/li>\n<li>Identificar qual m\u00f3dulo registrou o c\u00f3digo U056F.<\/li>\n<li>Consultar o <b>diagrama el\u00e9trico no DIAGWEB<\/b> para o ve\u00edculo espec\u00edfico. Pesquise por [montadora] [ano\/modelo] e procure pelo sistema relacionado ao &#8216;Image Processing Sensor J&#8217; (que pode estar ligado a sistemas de assist\u00eancia ao condutor, c\u00e2meras, ilumina\u00e7\u00e3o adaptativa, etc.).<\/li>\n<li>Localizar o Sensor de Imagem J e seus conectores. Inspecione por corros\u00e3o, danos ou mau encaixe.<\/li>\n<li>Verificar a integridade da fia\u00e7\u00e3o entre o sensor e o m\u00f3dulo de controle, utilizando um mult\u00edmetro para testar continuidade e resist\u00eancia.<\/li>\n<li>Testar a alimenta\u00e7\u00e3o e aterramento do Sensor de Imagem J, seguindo as especifica\u00e7\u00f5es do diagrama el\u00e9trico (geralmente 5V ou 12V).<\/li>\n<li>Verificar o sinal enviado pelo sensor, se poss\u00edvel, utilizando um oscilosc\u00f3pio para analisar a forma de onda.<\/li>\n<li>Avaliar a sa\u00fade da rede de comunica\u00e7\u00e3o (CAN bus), verificando tens\u00f5es nos terminais CAN_H e CAN_L com um oscilosc\u00f3pio ou mult\u00edmetro (esperado: ~2.5V em repouso, com picos distintos durante a comunica\u00e7\u00e3o).<\/li>\n<\/ol>\n<h2>O que \u00e9 o &#8216;Image Processing Sensor J&#8217;?<\/h2>\n<p>O termo &#8216;Image Processing Sensor J&#8217; refere-se a um componente eletr\u00f4nico que captura e processa informa\u00e7\u00f5es visuais. Dependendo da montadora e do sistema, este sensor pode ser parte de:<\/p>\n<ul>\n<li>Sistemas de reconhecimento de sinais de tr\u00e2nsito<\/li>\n<li>C\u00e2meras de r\u00e9 ou 360\u00b0<\/li>\n<li>Sistemas de assist\u00eancia de estacionamento<\/li>\n<li>Far\u00f3is adaptativos (Adaptive Front-lighting System &#8211; AFS)<\/li>\n<li>Sistemas de monitoramento de faixa (Lane Departure Warning)<\/li>\n<li>Controle de cruzeiro adaptativo (Adaptive Cruise Control &#8211; ACC)<\/li>\n<\/ul>\n<p>A identifica\u00e7\u00e3o exata do &#8216;Image Processing Sensor J&#8217; no seu ve\u00edculo \u00e9 crucial e requer a consulta do diagrama el\u00e9trico.<\/p>\n<h2>Sintomas Associados ao U056F<\/h2>\n<p>Os sintomas podem variar amplamente dependendo do sistema afetado pelo Sensor de Imagem J:<\/p>\n<ul>\n<li>Luzes de advert\u00eancia no painel (ex: ABS, ESP, Controle de Tra\u00e7\u00e3o, Sistemas de Assist\u00eancia ao Condutor)<\/li>\n<li>Funcionalidade reduzida ou desativada dos sistemas que dependem do sensor (ex: ACC n\u00e3o opera, c\u00e2mera de r\u00e9 n\u00e3o exibe imagem)<\/li>\n<li>Comportamento an\u00f4malo dos far\u00f3is adaptativos<\/li>\n<li>Alertas sonoros ou visuais no sistema de infotainment<\/li>\n<\/ul>\n<h2>Diagrama El\u00e9trico e Teste de Circuito<\/h2>\n<p>Para diagnosticar o <b>c\u00f3digo U056F<\/b> com precis\u00e3o em [montadora], consulte o <b>diagrama el\u00e9trico no DIAGWEB<\/b>:<\/p>\n<ul>\n<li>DIAGWEB: Pesquise por [montadora] [ano\/modelo] e o sistema relacionado (ex: C\u00e2mera Frontal, AFS, ACC).<\/li>\n<li>Identifique o <b>circuito do Sensor de Imagem J<\/b>, incluindo seus pinos na ECU ou m\u00f3dulo de controle associado.<\/li>\n<li>Verifique a <b>continuidade<\/b> da fia\u00e7\u00e3o entre o sensor e o m\u00f3dulo, procurando por interrup\u00e7\u00f5es.<\/li>\n<li>Teste <b>tens\u00e3o\/voltagem<\/b> de alimenta\u00e7\u00e3o e aterramento do sensor com mult\u00edmetro digital (especifica\u00e7\u00f5es variam por sistema, consulte o diagrama).<\/li>\n<li>Inspecione os <b>conectores<\/b> do sensor e do m\u00f3dulo por corros\u00e3o, pinos tortos ou folgados.<\/li>\n<li>Procure por componentes como resistores ou capacitores na linha de sinal, que podem precisar de teste espec\u00edfico.<\/li>\n<\/ul>\n<p>O diagrama do DIAGWEB \u00e9 fundamental para entender a arquitetura da rede e identificar os pontos de teste corretos, evitando diagn\u00f3sticos incorretos e perda de tempo.<\/p>\n<h2>Erros Comuns no Diagn\u00f3stico<\/h2>\n<p>Um erro comum \u00e9 assumir que o m\u00f3dulo que registrou o c\u00f3digo \u00e9 o culpado. O U056F indica que o m\u00f3dulo est\u00e1 recebendo dados inv\u00e1lidos, o que pode significar um problema no sensor, na fia\u00e7\u00e3o, ou na pr\u00f3pria rede de comunica\u00e7\u00e3o.<\/p>\n<p>Trocar o m\u00f3dulo sem diagnosticar a fia\u00e7\u00e3o e o sensor \u00e9 uma pr\u00e1tica ineficiente.<\/p>\n<h2>Considera\u00e7\u00f5es sobre a Rede CAN<\/h2>\n<p>O funcionamento do <b>c\u00f3digo U056F<\/b> est\u00e1 intimamente ligado \u00e0 rede de comunica\u00e7\u00e3o do ve\u00edculo. Uma falha em um \u00fanico n\u00f3 (sensor ou m\u00f3dulo) ou em um cabo pode afetar a comunica\u00e7\u00e3o de outros componentes. Por isso, a an\u00e1lise da rede CAN \u00e9 essencial.<\/p>\n","protected":false},"excerpt":{"rendered":"O c\u00f3digo U056F SAE indica que o m\u00f3dulo de controle recebeu dados inv\u00e1lidos do &#8216;Image Processing Sensor J&#8217;. Este problema afeta a comunica\u00e7\u00e3o entre componentes eletr\u00f4nicos do ve\u00edculo.","protected":false},"author":1,"featured_media":0,"comment_status":"open","ping_status":"open","sticky":false,"template":"","format":"standard","meta":{"csco_display_header_overlay":false,"csco_singular_sidebar":"","csco_page_header_type":"","csco_page_load_nextpost":"","csco_page_reading_time":"","csco_page_toc_navigation":"","csco_post_video_location":[],"csco_post_video_location_hash":"","csco_post_video_url":"","csco_post_video_bg_start_time":0,"csco_post_video_bg_end_time":0,"csco_post_video_bg_volume":false,"footnotes":""},"categories":[7605,13,26037,6256,25668],"tags":[25670,9170,12579,16,113,28200,28322,28323],"class_list":{"0":"post-13262","1":"post","2":"type-post","3":"status-publish","4":"format-standard","6":"category-abs-e-eletronica","7":"category-diagnostico-dtc","8":"category-diagnostico-sae","9":"category-dtcs-rede-automotiva","10":"category-sae-norma","11":"tag-b0002-sae","12":"tag-b2477-ford-modulo-seguranca","13":"tag-circuito-comunicacao","14":"tag-diagnostico","15":"tag-rede-can","16":"tag-sensor-de-imagem","17":"tag-u056f","18":"tag-u056f-sae","19":"cs-entry","20":"cs-video-wrap"},"yoast_head":"<!-- This site is optimized with the Yoast SEO plugin v27.0 - https:\/\/yoast.com\/product\/yoast-seo-wordpress\/ -->\r\n<title>U056F SAE: Dados Inv\u00e1lidos do Sensor de Imagem J - Oficina Conectada | DTC e C\u00f3digos de Falha<\/title>\r\n<meta name=\"robots\" content=\"index, follow, max-snippet:-1, max-image-preview:large, max-video-preview:-1\" \/>\r\n<link rel=\"canonical\" href=\"https:\/\/oficinaconectada.com.br\/dtc\/sem-categoria\/u056f\/\" \/>\r\n<meta property=\"og:locale\" content=\"pt_BR\" \/>\r\n<meta property=\"og:type\" content=\"article\" \/>\r\n<meta property=\"og:title\" content=\"U056F SAE: Dados Inv\u00e1lidos do Sensor de Imagem J - Oficina Conectada | DTC e C\u00f3digos de Falha\" \/>\r\n<meta property=\"og:description\" content=\"O c\u00f3digo U056F SAE indica que o m\u00f3dulo de controle recebeu dados inv\u00e1lidos do &#039;Image Processing Sensor J&#039;. Este problema afeta a comunica\u00e7\u00e3o entre componentes eletr\u00f4nicos do ve\u00edculo.\" \/>\r\n<meta property=\"og:url\" content=\"https:\/\/oficinaconectada.com.br\/dtc\/sem-categoria\/u056f\/\" \/>\r\n<meta property=\"og:site_name\" content=\"Oficina Conectada | DTC e C\u00f3digos de Falha\" \/>\r\n<meta property=\"article:published_time\" content=\"2026-04-09T13:00:13+00:00\" \/>\r\n<meta name=\"author\" content=\"Pablo Eduardo\" \/>\r\n<meta name=\"twitter:card\" content=\"summary_large_image\" \/>\r\n<meta name=\"twitter:label1\" content=\"Escrito por\" \/>\n\t<meta name=\"twitter:data1\" content=\"Pablo Eduardo\" \/>\n\t<meta name=\"twitter:label2\" content=\"Est. tempo de leitura\" \/>\n\t<meta name=\"twitter:data2\" content=\"4 minutos\" \/>\r\n<script type=\"application\/ld+json\" class=\"yoast-schema-graph\">{\"@context\":\"https:\/\/schema.org\",\"@graph\":[{\"@type\":\"Article\",\"@id\":\"https:\/\/oficinaconectada.com.br\/dtc\/sem-categoria\/u056f\/#article\",\"isPartOf\":{\"@id\":\"https:\/\/oficinaconectada.com.br\/dtc\/sem-categoria\/u056f\/\"},\"author\":{\"name\":\"Pablo Eduardo\",\"@id\":\"https:\/\/oficinaconectada.com.br\/dtc\/#\/schema\/person\/b05379d5192b1bb9ea5fb9936b746b78\"},\"headline\":\"U056F SAE: Dados Inv\u00e1lidos do Sensor de Imagem J\",\"datePublished\":\"2026-04-09T13:00:13+00:00\",\"mainEntityOfPage\":{\"@id\":\"https:\/\/oficinaconectada.com.br\/dtc\/sem-categoria\/u056f\/\"},\"wordCount\":903,\"commentCount\":0,\"publisher\":{\"@id\":\"https:\/\/oficinaconectada.com.br\/dtc\/#organization\"},\"keywords\":[\"B0002 SAE\",\"B2477 Ford m\u00f3dulo seguran\u00e7a\",\"circuito comunica\u00e7\u00e3o\",\"Diagn\u00f3stico\",\"rede CAN\",\"sensor de imagem\",\"U056F\",\"U056F SAE\"],\"articleSection\":[\"ABS e Eletr\u00f4nica\",\"Diagn\u00f3stico DTC\",\"Diagn\u00f3stico SAE\",\"DTCs Rede Automotiva\",\"Sae (Norma)\"],\"inLanguage\":\"pt-BR\",\"potentialAction\":[{\"@type\":\"CommentAction\",\"name\":\"Comment\",\"target\":[\"https:\/\/oficinaconectada.com.br\/dtc\/sem-categoria\/u056f\/#respond\"]}]},{\"@type\":\"WebPage\",\"@id\":\"https:\/\/oficinaconectada.com.br\/dtc\/sem-categoria\/u056f\/\",\"url\":\"https:\/\/oficinaconectada.com.br\/dtc\/sem-categoria\/u056f\/\",\"name\":\"U056F SAE: Dados Inv\u00e1lidos do Sensor de Imagem J - Oficina Conectada | DTC e C\u00f3digos de Falha\",\"isPartOf\":{\"@id\":\"https:\/\/oficinaconectada.com.br\/dtc\/#website\"},\"datePublished\":\"2026-04-09T13:00:13+00:00\",\"breadcrumb\":{\"@id\":\"https:\/\/oficinaconectada.com.br\/dtc\/sem-categoria\/u056f\/#breadcrumb\"},\"inLanguage\":\"pt-BR\",\"potentialAction\":[{\"@type\":\"ReadAction\",\"target\":[\"https:\/\/oficinaconectada.com.br\/dtc\/sem-categoria\/u056f\/\"]}]},{\"@type\":\"BreadcrumbList\",\"@id\":\"https:\/\/oficinaconectada.com.br\/dtc\/sem-categoria\/u056f\/#breadcrumb\",\"itemListElement\":[{\"@type\":\"ListItem\",\"position\":1,\"name\":\"Home\",\"item\":\"https:\/\/oficinaconectada.com.br\/dtc\/\"},{\"@type\":\"ListItem\",\"position\":2,\"name\":\"U056F SAE: Dados Inv\u00e1lidos do Sensor de Imagem J\"}]},{\"@type\":\"WebSite\",\"@id\":\"https:\/\/oficinaconectada.com.br\/dtc\/#website\",\"url\":\"https:\/\/oficinaconectada.com.br\/dtc\/\",\"name\":\"Oficina Conectada | C\u00f3digos de Falha DTC\",\"description\":\"A Oficina Conectada \u00e9 o primeiro passo para o diagn\u00f3stico lucrativo. Consulte c\u00f3digos de falha DTC e OBD2 com causas, sintomas e solu\u00e7\u00f5es profissionais.\",\"publisher\":{\"@id\":\"https:\/\/oficinaconectada.com.br\/dtc\/#organization\"},\"potentialAction\":[{\"@type\":\"SearchAction\",\"target\":{\"@type\":\"EntryPoint\",\"urlTemplate\":\"https:\/\/oficinaconectada.com.br\/dtc\/?s={search_term_string}\"},\"query-input\":{\"@type\":\"PropertyValueSpecification\",\"valueRequired\":true,\"valueName\":\"search_term_string\"}}],\"inLanguage\":\"pt-BR\"},{\"@type\":\"Organization\",\"@id\":\"https:\/\/oficinaconectada.com.br\/dtc\/#organization\",\"name\":\"Oficina Conectada | C\u00f3digos de Falha DTC\",\"url\":\"https:\/\/oficinaconectada.com.br\/dtc\/\",\"logo\":{\"@type\":\"ImageObject\",\"inLanguage\":\"pt-BR\",\"@id\":\"https:\/\/oficinaconectada.com.br\/dtc\/#\/schema\/logo\/image\/\",\"url\":\"https:\/\/oficinaconectada.com.br\/dtc\/wp-content\/uploads\/2026\/02\/OficinaConectadaDTC.png\",\"contentUrl\":\"https:\/\/oficinaconectada.com.br\/dtc\/wp-content\/uploads\/2026\/02\/OficinaConectadaDTC.png\",\"width\":245,\"height\":100,\"caption\":\"Oficina Conectada | C\u00f3digos de Falha DTC\"},\"image\":{\"@id\":\"https:\/\/oficinaconectada.com.br\/dtc\/#\/schema\/logo\/image\/\"}},{\"@type\":\"Person\",\"@id\":\"https:\/\/oficinaconectada.com.br\/dtc\/#\/schema\/person\/b05379d5192b1bb9ea5fb9936b746b78\",\"name\":\"Pablo Eduardo\",\"image\":{\"@type\":\"ImageObject\",\"inLanguage\":\"pt-BR\",\"@id\":\"https:\/\/oficinaconectada.com.br\/dtc\/#\/schema\/person\/image\/\",\"url\":\"https:\/\/secure.gravatar.com\/avatar\/36a476f36de7a3b4526c6c4d1c99c240610b4949b92294d4de2634b206fdbfc6?s=96&d=mm&r=g\",\"contentUrl\":\"https:\/\/secure.gravatar.com\/avatar\/36a476f36de7a3b4526c6c4d1c99c240610b4949b92294d4de2634b206fdbfc6?s=96&d=mm&r=g\",\"caption\":\"Pablo Eduardo\"},\"sameAs\":[\"https:\/\/oficinaconectada.com.br\/dtc\"],\"url\":\"https:\/\/oficinaconectada.com.br\/dtc\/author\/pablo-eduardo\/\"}]}<\/script>\r\n<!-- \/ Yoast SEO plugin. -->","yoast_head_json":{"title":"U056F SAE: Dados Inv\u00e1lidos do Sensor de Imagem J - Oficina Conectada | DTC e C\u00f3digos de Falha","robots":{"index":"index","follow":"follow","max-snippet":"max-snippet:-1","max-image-preview":"max-image-preview:large","max-video-preview":"max-video-preview:-1"},"canonical":"https:\/\/oficinaconectada.com.br\/dtc\/sem-categoria\/u056f\/","og_locale":"pt_BR","og_type":"article","og_title":"U056F SAE: Dados Inv\u00e1lidos do Sensor de Imagem J - Oficina Conectada | DTC e C\u00f3digos de Falha","og_description":"O c\u00f3digo U056F SAE indica que o m\u00f3dulo de controle recebeu dados inv\u00e1lidos do 'Image Processing Sensor J'. Este problema afeta a comunica\u00e7\u00e3o entre componentes eletr\u00f4nicos do ve\u00edculo.","og_url":"https:\/\/oficinaconectada.com.br\/dtc\/sem-categoria\/u056f\/","og_site_name":"Oficina Conectada | DTC e C\u00f3digos de Falha","article_published_time":"2026-04-09T13:00:13+00:00","author":"Pablo Eduardo","twitter_card":"summary_large_image","twitter_misc":{"Escrito por":"Pablo Eduardo","Est. tempo de leitura":"4 minutos"},"schema":{"@context":"https:\/\/schema.org","@graph":[{"@type":"Article","@id":"https:\/\/oficinaconectada.com.br\/dtc\/sem-categoria\/u056f\/#article","isPartOf":{"@id":"https:\/\/oficinaconectada.com.br\/dtc\/sem-categoria\/u056f\/"},"author":{"name":"Pablo Eduardo","@id":"https:\/\/oficinaconectada.com.br\/dtc\/#\/schema\/person\/b05379d5192b1bb9ea5fb9936b746b78"},"headline":"U056F SAE: Dados Inv\u00e1lidos do Sensor de Imagem J","datePublished":"2026-04-09T13:00:13+00:00","mainEntityOfPage":{"@id":"https:\/\/oficinaconectada.com.br\/dtc\/sem-categoria\/u056f\/"},"wordCount":903,"commentCount":0,"publisher":{"@id":"https:\/\/oficinaconectada.com.br\/dtc\/#organization"},"keywords":["B0002 SAE","B2477 Ford m\u00f3dulo seguran\u00e7a","circuito comunica\u00e7\u00e3o","Diagn\u00f3stico","rede CAN","sensor de imagem","U056F","U056F SAE"],"articleSection":["ABS e Eletr\u00f4nica","Diagn\u00f3stico DTC","Diagn\u00f3stico SAE","DTCs Rede Automotiva","Sae (Norma)"],"inLanguage":"pt-BR","potentialAction":[{"@type":"CommentAction","name":"Comment","target":["https:\/\/oficinaconectada.com.br\/dtc\/sem-categoria\/u056f\/#respond"]}]},{"@type":"WebPage","@id":"https:\/\/oficinaconectada.com.br\/dtc\/sem-categoria\/u056f\/","url":"https:\/\/oficinaconectada.com.br\/dtc\/sem-categoria\/u056f\/","name":"U056F SAE: Dados Inv\u00e1lidos do Sensor de Imagem J - Oficina Conectada | DTC e C\u00f3digos de Falha","isPartOf":{"@id":"https:\/\/oficinaconectada.com.br\/dtc\/#website"},"datePublished":"2026-04-09T13:00:13+00:00","breadcrumb":{"@id":"https:\/\/oficinaconectada.com.br\/dtc\/sem-categoria\/u056f\/#breadcrumb"},"inLanguage":"pt-BR","potentialAction":[{"@type":"ReadAction","target":["https:\/\/oficinaconectada.com.br\/dtc\/sem-categoria\/u056f\/"]}]},{"@type":"BreadcrumbList","@id":"https:\/\/oficinaconectada.com.br\/dtc\/sem-categoria\/u056f\/#breadcrumb","itemListElement":[{"@type":"ListItem","position":1,"name":"Home","item":"https:\/\/oficinaconectada.com.br\/dtc\/"},{"@type":"ListItem","position":2,"name":"U056F SAE: Dados Inv\u00e1lidos do Sensor de Imagem J"}]},{"@type":"WebSite","@id":"https:\/\/oficinaconectada.com.br\/dtc\/#website","url":"https:\/\/oficinaconectada.com.br\/dtc\/","name":"Oficina Conectada | C\u00f3digos de Falha DTC","description":"A Oficina Conectada \u00e9 o primeiro passo para o diagn\u00f3stico lucrativo. Consulte c\u00f3digos de falha DTC e OBD2 com causas, sintomas e solu\u00e7\u00f5es profissionais.","publisher":{"@id":"https:\/\/oficinaconectada.com.br\/dtc\/#organization"},"potentialAction":[{"@type":"SearchAction","target":{"@type":"EntryPoint","urlTemplate":"https:\/\/oficinaconectada.com.br\/dtc\/?s={search_term_string}"},"query-input":{"@type":"PropertyValueSpecification","valueRequired":true,"valueName":"search_term_string"}}],"inLanguage":"pt-BR"},{"@type":"Organization","@id":"https:\/\/oficinaconectada.com.br\/dtc\/#organization","name":"Oficina Conectada | C\u00f3digos de Falha DTC","url":"https:\/\/oficinaconectada.com.br\/dtc\/","logo":{"@type":"ImageObject","inLanguage":"pt-BR","@id":"https:\/\/oficinaconectada.com.br\/dtc\/#\/schema\/logo\/image\/","url":"https:\/\/oficinaconectada.com.br\/dtc\/wp-content\/uploads\/2026\/02\/OficinaConectadaDTC.png","contentUrl":"https:\/\/oficinaconectada.com.br\/dtc\/wp-content\/uploads\/2026\/02\/OficinaConectadaDTC.png","width":245,"height":100,"caption":"Oficina Conectada | C\u00f3digos de Falha DTC"},"image":{"@id":"https:\/\/oficinaconectada.com.br\/dtc\/#\/schema\/logo\/image\/"}},{"@type":"Person","@id":"https:\/\/oficinaconectada.com.br\/dtc\/#\/schema\/person\/b05379d5192b1bb9ea5fb9936b746b78","name":"Pablo Eduardo","image":{"@type":"ImageObject","inLanguage":"pt-BR","@id":"https:\/\/oficinaconectada.com.br\/dtc\/#\/schema\/person\/image\/","url":"https:\/\/secure.gravatar.com\/avatar\/36a476f36de7a3b4526c6c4d1c99c240610b4949b92294d4de2634b206fdbfc6?s=96&d=mm&r=g","contentUrl":"https:\/\/secure.gravatar.com\/avatar\/36a476f36de7a3b4526c6c4d1c99c240610b4949b92294d4de2634b206fdbfc6?s=96&d=mm&r=g","caption":"Pablo Eduardo"},"sameAs":["https:\/\/oficinaconectada.com.br\/dtc"],"url":"https:\/\/oficinaconectada.com.br\/dtc\/author\/pablo-eduardo\/"}]}},"yoast_title":"","yoast_metadesc":"","yoast_focus_keyword":"","yoast_readability":"","yoast_keyword_density":"","_links":{"self":[{"href":"https:\/\/oficinaconectada.com.br\/dtc\/wp-json\/wp\/v2\/posts\/13262","targetHints":{"allow":["GET"]}}],"collection":[{"href":"https:\/\/oficinaconectada.com.br\/dtc\/wp-json\/wp\/v2\/posts"}],"about":[{"href":"https:\/\/oficinaconectada.com.br\/dtc\/wp-json\/wp\/v2\/types\/post"}],"author":[{"embeddable":true,"href":"https:\/\/oficinaconectada.com.br\/dtc\/wp-json\/wp\/v2\/users\/1"}],"replies":[{"embeddable":true,"href":"https:\/\/oficinaconectada.com.br\/dtc\/wp-json\/wp\/v2\/comments?post=13262"}],"version-history":[{"count":0,"href":"https:\/\/oficinaconectada.com.br\/dtc\/wp-json\/wp\/v2\/posts\/13262\/revisions"}],"wp:attachment":[{"href":"https:\/\/oficinaconectada.com.br\/dtc\/wp-json\/wp\/v2\/media?parent=13262"}],"wp:term":[{"taxonomy":"category","embeddable":true,"href":"https:\/\/oficinaconectada.com.br\/dtc\/wp-json\/wp\/v2\/categories?post=13262"},{"taxonomy":"post_tag","embeddable":true,"href":"https:\/\/oficinaconectada.com.br\/dtc\/wp-json\/wp\/v2\/tags?post=13262"}],"curies":[{"name":"wp","href":"https:\/\/api.w.org\/{rel}","templated":true}]}}