{"id":13260,"date":"2026-04-09T09:59:17","date_gmt":"2026-04-09T12:59:17","guid":{"rendered":"https:\/\/oficinaconectada.com.br\/dtc\/sem-categoria\/u056d\/"},"modified":"2026-04-09T09:59:17","modified_gmt":"2026-04-09T12:59:17","slug":"u056d","status":"publish","type":"post","link":"https:\/\/oficinaconectada.com.br\/dtc\/diagnostico-dtc\/u056d\/","title":{"rendered":"U056D SAE: Dados Inv\u00e1lidos do Sensor de Processamento de Imagem"},"content":{"rendered":"<h1>C\u00f3digo U056D: An\u00e1lise de Dados Inv\u00e1lidos do Sensor de Processamento de Imagem (SAE)<\/h1>\n<p>O <b>c\u00f3digo U056D<\/b>, uma norma SAE (Society of Automotive Engineers), sinaliza a recep\u00e7\u00e3o de <b>dados inv\u00e1lidos do sensor de processamento de imagem<\/b>. Este tipo de c\u00f3digo indica um problema na comunica\u00e7\u00e3o ou na qualidade dos dados enviados por um componente que interpreta informa\u00e7\u00f5es visuais, comum em sistemas avan\u00e7ados de assist\u00eancia ao motorista (ADAS) e unidades de controle automotivo.<\/p>\n<h2>O que significa U056D (SAE)?<\/h2>\n<p>O c\u00f3digo U056D denota que a unidade de controle principal (ECU ou m\u00f3dulo espec\u00edfico) recebeu informa\u00e7\u00f5es que n\u00e3o est\u00e3o dentro dos par\u00e2metros esperados ou que est\u00e3o corrompidas, provenientes de um sensor de processamento de imagem. Isso pode ocorrer por falhas no pr\u00f3prio sensor, no cabeamento, ou na unidade receptora dos dados.<\/p>\n<h2>Sistemas Afetados por U056D<\/h2>\n<p>Sensores de processamento de imagem s\u00e3o cruciais para diversas fun\u00e7\u00f5es:<\/p>\n<ul>\n<li><b>Controle de Cruzeiro Adaptativo (ACC):<\/b> Utiliza c\u00e2meras para detectar ve\u00edculos \u00e0 frente e manter a dist\u00e2ncia.<\/li>\n<li><b>Assist\u00eancia de Perman\u00eancia em Faixa (LKA):<\/b> Monitora as linhas da pista para manter o ve\u00edculo centralizado.<\/li>\n<li><b>Reconhecimento de Sinais de Tr\u00e2nsito:<\/b> L\u00ea placas de velocidade e outros sinais.<\/li>\n<li><b>Freio de Emerg\u00eancia Autom\u00e1tico (AEB):<\/b> Identifica obst\u00e1culos e aplica os freios se necess\u00e1rio.<\/li>\n<li><b>Vis\u00e3o Noturna e Detec\u00e7\u00e3o de Pedestres:<\/b> Melhora a visibilidade em condi\u00e7\u00f5es de baixa luminosidade ou em \u00e1reas urbanas.<\/li>\n<li><b>C\u00e2meras de R\u00e9 e 360\u00b0:<\/b> Auxiliam em manobras de estacionamento.<\/li>\n<\/ul>\n<p>Uma falha no sensor de processamento de imagem pode comprometer a funcionalidade de um ou mais desses sistemas, impactando a seguran\u00e7a e a conveni\u00eancia do ve\u00edculo.<\/p>\n<h2>Causas Comuns do C\u00f3digo U056D<\/h2>\n<p>Diversos fatores podem levar \u00e0 gera\u00e7\u00e3o do c\u00f3digo U056D:<\/p>\n<ul>\n<li><b>Obstru\u00e7\u00e3o do Sensor:<\/b> Sujeira, lama, gelo ou dano f\u00edsico na lente da c\u00e2mera<\/li>\n<li><b>Falha no Pr\u00f3prio Sensor:<\/b> Componente eletr\u00f4nico defeituoso ou fora de calibra\u00e7\u00e3o<\/li>\n<li><b>Problemas de Cabeamento e Conex\u00e3o:<\/b> Fia\u00e7\u00e3o danificada, corros\u00e3o em conectores, ou conex\u00f5es soltas que afetam a transmiss\u00e3o de dados<\/li>\n<li><b>Falha na Unidade Receptora:<\/b> O m\u00f3dulo que recebe os dados do sensor pode estar com defeito<\/li>\n<li><b>Problemas de Software:<\/b> Firmware desatualizado ou corrompido no sensor ou no m\u00f3dulo de controle<\/li>\n<li><b>Condi\u00e7\u00f5es Ambientais Extremas:<\/b> Chuva intensa, neblina densa ou luz solar direta muito forte podem, em alguns casos, gerar leituras inv\u00e1lidas temporariamente<\/li>\n<li><b>Descalibra\u00e7\u00e3o:<\/b> Ap\u00f3s reparos ou impactos, o sensor pode necessitar de recalibra\u00e7\u00e3o espec\u00edfica<\/li>\n<\/ul>\n<h2>Diagn\u00f3stico de Dados Inv\u00e1lidos do Sensor de Imagem<\/h2>\n<p>O diagn\u00f3stico de um c\u00f3digo U056D exige ferramentas espec\u00edficas e conhecimento t\u00e9cnico:<\/p>\n<ol>\n<li><b>Scanner de Diagn\u00f3stico Avan\u00e7ado:<\/b> Utilize um scanner capaz de ler c\u00f3digos DTC de m\u00f3dulos ADAS e sistemas de comunica\u00e7\u00e3o CAN.<\/li>\n<li><b>Verifica\u00e7\u00e3o de Outros C\u00f3digos:<\/b> Analise outros c\u00f3digos relacionados a m\u00f3dulos ADAS ou ao pr\u00f3prio sensor de imagem.<\/li>\n<li><b>Inspe\u00e7\u00e3o Visual:<\/b> Verifique a lente do sensor quanto a obstru\u00e7\u00f5es, danos ou sujeira. Certifique-se de que est\u00e1 limpo e desobstru\u00eddo.<\/li>\n<li><b>Verifica\u00e7\u00e3o de Cabeamento e Conectores:<\/b> Inspecione a fia\u00e7\u00e3o que conecta o sensor \u00e0 unidade de controle. Procure por sinais de desgaste, cortes, ou corros\u00e3o nos pinos dos conectores.<\/li>\n<li><b>Testes de Tens\u00e3o e Continuidade:<\/b> Utilize um mult\u00edmetro para verificar se o sensor est\u00e1 recebendo alimenta\u00e7\u00e3o el\u00e9trica correta e se o circuito de comunica\u00e7\u00e3o (CAN bus, por exemplo) apresenta boa continuidade e aus\u00eancia de curtos.<\/li>\n<li><b>Calibra\u00e7\u00e3o do Sensor:<\/b> Em muitos casos, ap\u00f3s a resolu\u00e7\u00e3o de problemas f\u00edsicos ou de fia\u00e7\u00e3o, o sensor de imagem necessita de um procedimento de calibra\u00e7\u00e3o com ferramentas espec\u00edficas para garantir a precis\u00e3o dos dados que envia.<\/li>\n<\/ol>\n<h2>Diagrama El\u00e9trico e Teste de Circuito<\/h2>\n<p>Para diagnosticar precisamente o <b>c\u00f3digo U056D<\/b>, \u00e9 essencial consultar o <b>diagrama el\u00e9trico no DIAGWEB<\/b> para o modelo e ano espec\u00edfico do ve\u00edculo.<\/p>\n<ul>\n<li><b>DIAGWEB:<\/b> Procure a montadora, ano\/modelo do ve\u00edculo e selecione o m\u00f3dulo respons\u00e1vel pelo sistema ADAS ou pelo sensor de imagem (ex: M\u00f3dulo de C\u00e2mera Frontal, M\u00f3dulo de Controle do Chassis).<\/li>\n<li><b>Identifica\u00e7\u00e3o dos Componentes:<\/b> Localize no diagrama o sensor de processamento de imagem, seu m\u00f3dulo de controle e os conectores associados. Anote os n\u00fameros dos pinos para testes.<\/li>\n<li><b>Verifica\u00e7\u00e3o de Alimenta\u00e7\u00e3o:<\/b> No diagrama, identifique os pinos de alimenta\u00e7\u00e3o positiva (geralmente +12V ou +5V) e de terra (GND) do sensor. Teste com mult\u00edmetro a presen\u00e7a dessas tens\u00f5es.<\/li>\n<li><b>Circuito de Comunica\u00e7\u00e3o (CAN):<\/b> Sensores ADAS utilizam redes de comunica\u00e7\u00e3o como o CAN bus. O diagrama indicar\u00e1 quais pinos fazem parte do barramento. Verifique a resist\u00eancia e a integridade desses fios.<\/li>\n<li><b>Teste de Sinal:<\/b> Dependendo do sensor, pode haver sinais de v\u00eddeo ou dados digitais espec\u00edficos. O DIAGWEB fornecer\u00e1 informa\u00e7\u00f5es sobre os tipos de sinais esperados e, em alguns casos, as faixas de voltagem ou frequ\u00eancia em condi\u00e7\u00f5es normais de opera\u00e7\u00e3o.<\/li>\n<\/ul>\n<p>A falta de um diagrama el\u00e9trico detalhado no DIAGWEB dificulta a identifica\u00e7\u00e3o correta dos pontos de teste, podendo levar a diagn\u00f3sticos equivocados e substitui\u00e7\u00e3o desnecess\u00e1ria de componentes. O diagrama \u00e9 fundamental para rastrear a origem da falha na comunica\u00e7\u00e3o ou nos dados do sensor.<\/p>\n<h2>U056D: Impacto na Seguran\u00e7a e Confiabilidade<\/h2>\n<p>A presen\u00e7a do c\u00f3digo U056D indica uma falha que pode comprometer a seguran\u00e7a do ve\u00edculo. Sistemas ADAS que dependem de sensores de imagem funcionam como uma camada adicional de prote\u00e7\u00e3o. Quando esses sensores enviam dados inv\u00e1lidos, a capacidade do ve\u00edculo de reagir a situa\u00e7\u00f5es de perigo \u00e9 reduzida, aumentando o risco de acidentes.<\/p>\n<h2>Pr\u00f3ximos Passos no Diagn\u00f3stico<\/h2>\n<p>Ap\u00f3s identificar a causa do <b>c\u00f3digo U056D<\/b>, os pr\u00f3ximos passos envolvem:<\/p>\n<ul>\n<li>Limpeza ou substitui\u00e7\u00e3o do sensor, se danificado ou obstru\u00eddo.<\/li>\n<li>Reparo ou substitui\u00e7\u00e3o de fia\u00e7\u00e3o e conectores danificados.<\/li>\n<li>Atualiza\u00e7\u00e3o de software do m\u00f3dulo ou sensor, se aplic\u00e1vel.<\/li>\n<li><b>Recalibra\u00e7\u00e3o do Sensor de Imagem<\/b>, utilizando equipamentos espec\u00edficos para garantir que ele opere dentro das especifica\u00e7\u00f5es do fabricante.<\/li>\n<\/ul>\n<p>A recalibra\u00e7\u00e3o \u00e9 um passo cr\u00edtico, pois o sensor precisa &#8220;aprender&#8221; a interpretar as imagens corretamente em rela\u00e7\u00e3o ao ambiente do ve\u00edculo.<\/p>\n","protected":false},"excerpt":{"rendered":"O c\u00f3digo U056D, padronizado pela SAE, indica que dados inv\u00e1lidos foram recebidos do sensor de processamento de imagem. Afeta sistemas que dependem de vis\u00e3o computacional.","protected":false},"author":1,"featured_media":0,"comment_status":"open","ping_status":"open","sticky":false,"template":"","format":"standard","meta":{"csco_display_header_overlay":false,"csco_singular_sidebar":"","csco_page_header_type":"","csco_page_load_nextpost":"","csco_page_reading_time":"","csco_page_toc_navigation":"","csco_post_video_location":[],"csco_post_video_location_hash":"","csco_post_video_url":"","csco_post_video_bg_start_time":0,"csco_post_video_bg_end_time":0,"csco_post_video_bg_volume":false,"footnotes":""},"categories":[13,26037,6172,25668,16244],"tags":[15344,25670,12579,20074,16,28200,28317,28318],"class_list":{"0":"post-13260","1":"post","2":"type-post","3":"status-publish","4":"format-standard","6":"category-diagnostico-dtc","7":"category-diagnostico-sae","8":"category-dtcs-rede-veicular","9":"category-sae-norma","10":"category-sistemas-avancados-de-assistencia-ao-condutor-adas","11":"tag-adas","12":"tag-b0002-sae","13":"tag-circuito-comunicacao","14":"tag-codigo-obd2","15":"tag-diagnostico","16":"tag-sensor-de-imagem","17":"tag-u056d","18":"tag-u056d-sae","19":"cs-entry","20":"cs-video-wrap"},"yoast_head":"<!-- This site is optimized with the Yoast SEO plugin v27.0 - https:\/\/yoast.com\/product\/yoast-seo-wordpress\/ -->\r\n<title>U056D SAE: Dados Inv\u00e1lidos do Sensor de Processamento de Imagem - Oficina Conectada | DTC e C\u00f3digos de Falha<\/title>\r\n<meta name=\"robots\" content=\"index, follow, max-snippet:-1, max-image-preview:large, max-video-preview:-1\" \/>\r\n<link rel=\"canonical\" href=\"https:\/\/oficinaconectada.com.br\/dtc\/sem-categoria\/u056d\/\" \/>\r\n<meta property=\"og:locale\" content=\"pt_BR\" \/>\r\n<meta property=\"og:type\" content=\"article\" \/>\r\n<meta property=\"og:title\" content=\"U056D SAE: Dados Inv\u00e1lidos do Sensor de Processamento de Imagem - Oficina Conectada | DTC e C\u00f3digos de Falha\" \/>\r\n<meta property=\"og:description\" content=\"O c\u00f3digo U056D, padronizado pela SAE, indica que dados inv\u00e1lidos foram recebidos do sensor de processamento de imagem. Afeta sistemas que dependem de vis\u00e3o computacional.\" \/>\r\n<meta property=\"og:url\" content=\"https:\/\/oficinaconectada.com.br\/dtc\/sem-categoria\/u056d\/\" \/>\r\n<meta property=\"og:site_name\" content=\"Oficina Conectada | DTC e C\u00f3digos de Falha\" \/>\r\n<meta property=\"article:published_time\" content=\"2026-04-09T12:59:17+00:00\" \/>\r\n<meta name=\"author\" content=\"Pablo Eduardo\" \/>\r\n<meta name=\"twitter:card\" content=\"summary_large_image\" \/>\r\n<meta name=\"twitter:label1\" content=\"Escrito por\" \/>\n\t<meta name=\"twitter:data1\" content=\"Pablo Eduardo\" \/>\n\t<meta name=\"twitter:label2\" content=\"Est. tempo de leitura\" \/>\n\t<meta name=\"twitter:data2\" content=\"6 minutos\" \/>\r\n<script type=\"application\/ld+json\" class=\"yoast-schema-graph\">{\"@context\":\"https:\/\/schema.org\",\"@graph\":[{\"@type\":\"Article\",\"@id\":\"https:\/\/oficinaconectada.com.br\/dtc\/sem-categoria\/u056d\/#article\",\"isPartOf\":{\"@id\":\"https:\/\/oficinaconectada.com.br\/dtc\/sem-categoria\/u056d\/\"},\"author\":{\"name\":\"Pablo Eduardo\",\"@id\":\"https:\/\/oficinaconectada.com.br\/dtc\/#\/schema\/person\/b05379d5192b1bb9ea5fb9936b746b78\"},\"headline\":\"U056D SAE: Dados Inv\u00e1lidos do Sensor de Processamento de Imagem\",\"datePublished\":\"2026-04-09T12:59:17+00:00\",\"mainEntityOfPage\":{\"@id\":\"https:\/\/oficinaconectada.com.br\/dtc\/sem-categoria\/u056d\/\"},\"wordCount\":1094,\"commentCount\":0,\"publisher\":{\"@id\":\"https:\/\/oficinaconectada.com.br\/dtc\/#organization\"},\"keywords\":[\"ADAS\",\"B0002 SAE\",\"circuito comunica\u00e7\u00e3o\",\"c\u00f3digo OBD2\",\"Diagn\u00f3stico\",\"sensor de imagem\",\"U056D\",\"U056D SAE\"],\"articleSection\":[\"Diagn\u00f3stico DTC\",\"Diagn\u00f3stico SAE\",\"DTCs Rede Veicular\",\"Sae (Norma)\",\"Sistemas Avan\u00e7ados de Assist\u00eancia ao Condutor (ADAS)\"],\"inLanguage\":\"pt-BR\",\"potentialAction\":[{\"@type\":\"CommentAction\",\"name\":\"Comment\",\"target\":[\"https:\/\/oficinaconectada.com.br\/dtc\/sem-categoria\/u056d\/#respond\"]}]},{\"@type\":\"WebPage\",\"@id\":\"https:\/\/oficinaconectada.com.br\/dtc\/sem-categoria\/u056d\/\",\"url\":\"https:\/\/oficinaconectada.com.br\/dtc\/sem-categoria\/u056d\/\",\"name\":\"U056D SAE: Dados Inv\u00e1lidos do Sensor de Processamento de Imagem - Oficina Conectada | DTC e C\u00f3digos de Falha\",\"isPartOf\":{\"@id\":\"https:\/\/oficinaconectada.com.br\/dtc\/#website\"},\"datePublished\":\"2026-04-09T12:59:17+00:00\",\"breadcrumb\":{\"@id\":\"https:\/\/oficinaconectada.com.br\/dtc\/sem-categoria\/u056d\/#breadcrumb\"},\"inLanguage\":\"pt-BR\",\"potentialAction\":[{\"@type\":\"ReadAction\",\"target\":[\"https:\/\/oficinaconectada.com.br\/dtc\/sem-categoria\/u056d\/\"]}]},{\"@type\":\"BreadcrumbList\",\"@id\":\"https:\/\/oficinaconectada.com.br\/dtc\/sem-categoria\/u056d\/#breadcrumb\",\"itemListElement\":[{\"@type\":\"ListItem\",\"position\":1,\"name\":\"Home\",\"item\":\"https:\/\/oficinaconectada.com.br\/dtc\/\"},{\"@type\":\"ListItem\",\"position\":2,\"name\":\"U056D SAE: Dados Inv\u00e1lidos do Sensor de Processamento de Imagem\"}]},{\"@type\":\"WebSite\",\"@id\":\"https:\/\/oficinaconectada.com.br\/dtc\/#website\",\"url\":\"https:\/\/oficinaconectada.com.br\/dtc\/\",\"name\":\"Oficina Conectada | C\u00f3digos de Falha DTC\",\"description\":\"A Oficina Conectada \u00e9 o primeiro passo para o diagn\u00f3stico lucrativo. Consulte c\u00f3digos de falha DTC e OBD2 com causas, sintomas e solu\u00e7\u00f5es profissionais.\",\"publisher\":{\"@id\":\"https:\/\/oficinaconectada.com.br\/dtc\/#organization\"},\"potentialAction\":[{\"@type\":\"SearchAction\",\"target\":{\"@type\":\"EntryPoint\",\"urlTemplate\":\"https:\/\/oficinaconectada.com.br\/dtc\/?s={search_term_string}\"},\"query-input\":{\"@type\":\"PropertyValueSpecification\",\"valueRequired\":true,\"valueName\":\"search_term_string\"}}],\"inLanguage\":\"pt-BR\"},{\"@type\":\"Organization\",\"@id\":\"https:\/\/oficinaconectada.com.br\/dtc\/#organization\",\"name\":\"Oficina Conectada | C\u00f3digos de Falha DTC\",\"url\":\"https:\/\/oficinaconectada.com.br\/dtc\/\",\"logo\":{\"@type\":\"ImageObject\",\"inLanguage\":\"pt-BR\",\"@id\":\"https:\/\/oficinaconectada.com.br\/dtc\/#\/schema\/logo\/image\/\",\"url\":\"https:\/\/oficinaconectada.com.br\/dtc\/wp-content\/uploads\/2026\/02\/OficinaConectadaDTC.png\",\"contentUrl\":\"https:\/\/oficinaconectada.com.br\/dtc\/wp-content\/uploads\/2026\/02\/OficinaConectadaDTC.png\",\"width\":245,\"height\":100,\"caption\":\"Oficina Conectada | C\u00f3digos de Falha DTC\"},\"image\":{\"@id\":\"https:\/\/oficinaconectada.com.br\/dtc\/#\/schema\/logo\/image\/\"}},{\"@type\":\"Person\",\"@id\":\"https:\/\/oficinaconectada.com.br\/dtc\/#\/schema\/person\/b05379d5192b1bb9ea5fb9936b746b78\",\"name\":\"Pablo Eduardo\",\"image\":{\"@type\":\"ImageObject\",\"inLanguage\":\"pt-BR\",\"@id\":\"https:\/\/oficinaconectada.com.br\/dtc\/#\/schema\/person\/image\/\",\"url\":\"https:\/\/secure.gravatar.com\/avatar\/36a476f36de7a3b4526c6c4d1c99c240610b4949b92294d4de2634b206fdbfc6?s=96&d=mm&r=g\",\"contentUrl\":\"https:\/\/secure.gravatar.com\/avatar\/36a476f36de7a3b4526c6c4d1c99c240610b4949b92294d4de2634b206fdbfc6?s=96&d=mm&r=g\",\"caption\":\"Pablo Eduardo\"},\"sameAs\":[\"https:\/\/oficinaconectada.com.br\/dtc\"],\"url\":\"https:\/\/oficinaconectada.com.br\/dtc\/author\/pablo-eduardo\/\"}]}<\/script>\r\n<!-- \/ Yoast SEO plugin. -->","yoast_head_json":{"title":"U056D SAE: Dados Inv\u00e1lidos do Sensor de Processamento de Imagem - Oficina Conectada | DTC e C\u00f3digos de Falha","robots":{"index":"index","follow":"follow","max-snippet":"max-snippet:-1","max-image-preview":"max-image-preview:large","max-video-preview":"max-video-preview:-1"},"canonical":"https:\/\/oficinaconectada.com.br\/dtc\/sem-categoria\/u056d\/","og_locale":"pt_BR","og_type":"article","og_title":"U056D SAE: Dados Inv\u00e1lidos do Sensor de Processamento de Imagem - Oficina Conectada | DTC e C\u00f3digos de Falha","og_description":"O c\u00f3digo U056D, padronizado pela SAE, indica que dados inv\u00e1lidos foram recebidos do sensor de processamento de imagem. Afeta sistemas que dependem de vis\u00e3o computacional.","og_url":"https:\/\/oficinaconectada.com.br\/dtc\/sem-categoria\/u056d\/","og_site_name":"Oficina Conectada | DTC e C\u00f3digos de Falha","article_published_time":"2026-04-09T12:59:17+00:00","author":"Pablo Eduardo","twitter_card":"summary_large_image","twitter_misc":{"Escrito por":"Pablo Eduardo","Est. tempo de leitura":"6 minutos"},"schema":{"@context":"https:\/\/schema.org","@graph":[{"@type":"Article","@id":"https:\/\/oficinaconectada.com.br\/dtc\/sem-categoria\/u056d\/#article","isPartOf":{"@id":"https:\/\/oficinaconectada.com.br\/dtc\/sem-categoria\/u056d\/"},"author":{"name":"Pablo Eduardo","@id":"https:\/\/oficinaconectada.com.br\/dtc\/#\/schema\/person\/b05379d5192b1bb9ea5fb9936b746b78"},"headline":"U056D SAE: Dados Inv\u00e1lidos do Sensor de Processamento de Imagem","datePublished":"2026-04-09T12:59:17+00:00","mainEntityOfPage":{"@id":"https:\/\/oficinaconectada.com.br\/dtc\/sem-categoria\/u056d\/"},"wordCount":1094,"commentCount":0,"publisher":{"@id":"https:\/\/oficinaconectada.com.br\/dtc\/#organization"},"keywords":["ADAS","B0002 SAE","circuito comunica\u00e7\u00e3o","c\u00f3digo OBD2","Diagn\u00f3stico","sensor de imagem","U056D","U056D SAE"],"articleSection":["Diagn\u00f3stico DTC","Diagn\u00f3stico SAE","DTCs Rede Veicular","Sae (Norma)","Sistemas Avan\u00e7ados de Assist\u00eancia ao Condutor (ADAS)"],"inLanguage":"pt-BR","potentialAction":[{"@type":"CommentAction","name":"Comment","target":["https:\/\/oficinaconectada.com.br\/dtc\/sem-categoria\/u056d\/#respond"]}]},{"@type":"WebPage","@id":"https:\/\/oficinaconectada.com.br\/dtc\/sem-categoria\/u056d\/","url":"https:\/\/oficinaconectada.com.br\/dtc\/sem-categoria\/u056d\/","name":"U056D SAE: Dados Inv\u00e1lidos do Sensor de Processamento de Imagem - Oficina Conectada | DTC e C\u00f3digos de Falha","isPartOf":{"@id":"https:\/\/oficinaconectada.com.br\/dtc\/#website"},"datePublished":"2026-04-09T12:59:17+00:00","breadcrumb":{"@id":"https:\/\/oficinaconectada.com.br\/dtc\/sem-categoria\/u056d\/#breadcrumb"},"inLanguage":"pt-BR","potentialAction":[{"@type":"ReadAction","target":["https:\/\/oficinaconectada.com.br\/dtc\/sem-categoria\/u056d\/"]}]},{"@type":"BreadcrumbList","@id":"https:\/\/oficinaconectada.com.br\/dtc\/sem-categoria\/u056d\/#breadcrumb","itemListElement":[{"@type":"ListItem","position":1,"name":"Home","item":"https:\/\/oficinaconectada.com.br\/dtc\/"},{"@type":"ListItem","position":2,"name":"U056D SAE: Dados Inv\u00e1lidos do Sensor de Processamento de Imagem"}]},{"@type":"WebSite","@id":"https:\/\/oficinaconectada.com.br\/dtc\/#website","url":"https:\/\/oficinaconectada.com.br\/dtc\/","name":"Oficina Conectada | C\u00f3digos de Falha DTC","description":"A Oficina Conectada \u00e9 o primeiro passo para o diagn\u00f3stico lucrativo. Consulte c\u00f3digos de falha DTC e OBD2 com causas, sintomas e solu\u00e7\u00f5es profissionais.","publisher":{"@id":"https:\/\/oficinaconectada.com.br\/dtc\/#organization"},"potentialAction":[{"@type":"SearchAction","target":{"@type":"EntryPoint","urlTemplate":"https:\/\/oficinaconectada.com.br\/dtc\/?s={search_term_string}"},"query-input":{"@type":"PropertyValueSpecification","valueRequired":true,"valueName":"search_term_string"}}],"inLanguage":"pt-BR"},{"@type":"Organization","@id":"https:\/\/oficinaconectada.com.br\/dtc\/#organization","name":"Oficina Conectada | C\u00f3digos de Falha DTC","url":"https:\/\/oficinaconectada.com.br\/dtc\/","logo":{"@type":"ImageObject","inLanguage":"pt-BR","@id":"https:\/\/oficinaconectada.com.br\/dtc\/#\/schema\/logo\/image\/","url":"https:\/\/oficinaconectada.com.br\/dtc\/wp-content\/uploads\/2026\/02\/OficinaConectadaDTC.png","contentUrl":"https:\/\/oficinaconectada.com.br\/dtc\/wp-content\/uploads\/2026\/02\/OficinaConectadaDTC.png","width":245,"height":100,"caption":"Oficina Conectada | C\u00f3digos de Falha DTC"},"image":{"@id":"https:\/\/oficinaconectada.com.br\/dtc\/#\/schema\/logo\/image\/"}},{"@type":"Person","@id":"https:\/\/oficinaconectada.com.br\/dtc\/#\/schema\/person\/b05379d5192b1bb9ea5fb9936b746b78","name":"Pablo Eduardo","image":{"@type":"ImageObject","inLanguage":"pt-BR","@id":"https:\/\/oficinaconectada.com.br\/dtc\/#\/schema\/person\/image\/","url":"https:\/\/secure.gravatar.com\/avatar\/36a476f36de7a3b4526c6c4d1c99c240610b4949b92294d4de2634b206fdbfc6?s=96&d=mm&r=g","contentUrl":"https:\/\/secure.gravatar.com\/avatar\/36a476f36de7a3b4526c6c4d1c99c240610b4949b92294d4de2634b206fdbfc6?s=96&d=mm&r=g","caption":"Pablo Eduardo"},"sameAs":["https:\/\/oficinaconectada.com.br\/dtc"],"url":"https:\/\/oficinaconectada.com.br\/dtc\/author\/pablo-eduardo\/"}]}},"yoast_title":"","yoast_metadesc":"","yoast_focus_keyword":"","yoast_readability":"","yoast_keyword_density":"","_links":{"self":[{"href":"https:\/\/oficinaconectada.com.br\/dtc\/wp-json\/wp\/v2\/posts\/13260","targetHints":{"allow":["GET"]}}],"collection":[{"href":"https:\/\/oficinaconectada.com.br\/dtc\/wp-json\/wp\/v2\/posts"}],"about":[{"href":"https:\/\/oficinaconectada.com.br\/dtc\/wp-json\/wp\/v2\/types\/post"}],"author":[{"embeddable":true,"href":"https:\/\/oficinaconectada.com.br\/dtc\/wp-json\/wp\/v2\/users\/1"}],"replies":[{"embeddable":true,"href":"https:\/\/oficinaconectada.com.br\/dtc\/wp-json\/wp\/v2\/comments?post=13260"}],"version-history":[{"count":0,"href":"https:\/\/oficinaconectada.com.br\/dtc\/wp-json\/wp\/v2\/posts\/13260\/revisions"}],"wp:attachment":[{"href":"https:\/\/oficinaconectada.com.br\/dtc\/wp-json\/wp\/v2\/media?parent=13260"}],"wp:term":[{"taxonomy":"category","embeddable":true,"href":"https:\/\/oficinaconectada.com.br\/dtc\/wp-json\/wp\/v2\/categories?post=13260"},{"taxonomy":"post_tag","embeddable":true,"href":"https:\/\/oficinaconectada.com.br\/dtc\/wp-json\/wp\/v2\/tags?post=13260"}],"curies":[{"name":"wp","href":"https:\/\/api.w.org\/{rel}","templated":true}]}}