{"id":13258,"date":"2026-04-09T09:58:18","date_gmt":"2026-04-09T12:58:18","guid":{"rendered":"https:\/\/oficinaconectada.com.br\/dtc\/sem-categoria\/u056b\/"},"modified":"2026-04-09T09:58:18","modified_gmt":"2026-04-09T12:58:18","slug":"u056b","status":"publish","type":"post","link":"https:\/\/oficinaconectada.com.br\/dtc\/diagnostico-dtc\/u056b\/","title":{"rendered":"U056B SAE: Dados Inv\u00e1lidos do Sensor de Imagem"},"content":{"rendered":"<h1>C\u00f3digo U056B SAE: Diagn\u00f3stico de Dados Inv\u00e1lidos do Sensor de Imagem<\/h1>\n<p>O <b>c\u00f3digo U056B<\/b>, padronizado pela SAE (Society of Automotive Engineers), aponta para um problema de comunica\u00e7\u00e3o no barramento de rede veicular, especificamente indicando que o m\u00f3dulo de controle do ve\u00edculo recebeu <b>dados inv\u00e1lidos do sensor de processamento de imagem<\/b>. Este sensor \u00e9 crucial para sistemas avan\u00e7ados de assist\u00eancia ao condutor (ADAS).<\/p>\n<h2>O que significa U056B?<\/h2>\n<p>A mensagem &#8216;Invalid Data Received From Image Processing Sensor F&#8217; (Dados Inv\u00e1lidos Recebidos do Sensor de Processamento de Imagem F) sugere que a unidade de controle que monitora este sensor de imagem n\u00e3o est\u00e1 recebendo informa\u00e7\u00f5es v\u00e1lidas ou confi\u00e1veis. Isso pode levar \u00e0 desativa\u00e7\u00e3o tempor\u00e1ria ou permanente de fun\u00e7\u00f5es ADAS que dependem da interpreta\u00e7\u00e3o visual de c\u00e2meras, como reconhecimento de faixa, frenagem autom\u00e1tica de emerg\u00eancia ou controle de cruzeiro adaptativo.<\/p>\n<h2>Causas Comuns do U056B<\/h2>\n<ul>\n<li>Sensor de processamento de imagem (c\u00e2mera) sujo, obstru\u00eddo ou danificado.<\/li>\n<li>Problemas de alinhamento da c\u00e2mera, especialmente ap\u00f3s reparos na carroceria ou para-brisa.<\/li>\n<li>Fia\u00e7\u00e3o ou conectores do sensor de imagem com mau contato, corros\u00e3o ou danos.<\/li>\n<li>Falha no pr\u00f3prio m\u00f3dulo do sensor de processamento de imagem.<\/li>\n<li>Problemas na rede de comunica\u00e7\u00e3o do ve\u00edculo (CAN bus), como interfer\u00eancia ou falhas em outros m\u00f3dulos.<\/li>\n<li>Atualiza\u00e7\u00f5es de software incorretas ou corrompidas nos m\u00f3dulos de controle.<\/li>\n<li>Condi\u00e7\u00f5es ambientais extremas (chuva forte, neblina densa, luz solar direta intensa) que excedem a capacidade do sensor.<\/li>\n<\/ul>\n<h2>Como Diagnosticar U056B<\/h2>\n<p>O diagn\u00f3stico do <b>c\u00f3digo U056B<\/b> requer ferramentas de diagn\u00f3stico avan\u00e7adas:<\/p>\n<ol>\n<li>Conectar um scanner OBD2 de alta gama ou ferramenta de diagn\u00f3stico espec\u00edfica para ADAS.<\/li>\n<li>Verificar a mem\u00f3ria de falhas em todos os m\u00f3dulos de controle, n\u00e3o apenas no sistema relacionado \u00e0 c\u00e2mera.<\/li>\n<li>Analisar os dados em tempo real (live data) do sensor de processamento de imagem para identificar anomalias nos sinais.<\/li>\n<li>Inspecionar fisicamente a c\u00e2mera: verificar limpeza, obstru\u00e7\u00f5es e alinhamento.<\/li>\n<li>Testar a integridade da fia\u00e7\u00e3o e dos conectores do sensor de imagem. Utilize um mult\u00edmetro para verificar continuidade e tens\u00f5es de alimenta\u00e7\u00e3o (geralmente 5V ou 12V) e terra.<\/li>\n<li>Verificar o status da rede CAN bus. Ferramentas de diagn\u00f3stico podem mapear a comunica\u00e7\u00e3o entre os m\u00f3dulos.<\/li>\n<li>Consultar o <b>diagrama el\u00e9trico no DIAGWEB<\/b> para identificar os pinos exatos do sensor de imagem, o m\u00f3dulo de controle ao qual ele se conecta e a rota da fia\u00e7\u00e3o. No DIAGWEB, procure pelo sistema de assist\u00eancia ao condutor ou c\u00e2mera, espec\u00edfico para o ano e modelo do ve\u00edculo.<\/li>\n<li>Verificar se h\u00e1 atualiza\u00e7\u00f5es de software dispon\u00edveis para os m\u00f3dulos envolvidos.<\/li>\n<\/ol>\n<h2>Sistemas Afetados pelo U056B<\/h2>\n<p>Este c\u00f3digo pode desativar ou afetar o desempenho de diversos sistemas ADAS, dependendo da sua integra\u00e7\u00e3o com o sensor de imagem, como:<\/p>\n<ul>\n<li>Sistema de Frenagem Aut\u00f4noma de Emerg\u00eancia (AEB)<\/li>\n<li>Assistente de Perman\u00eancia em Faixa (Lane Keeping Assist)<\/li>\n<li>Reconhecimento de Placas de Tr\u00e2nsito (Traffic Sign Recognition)<\/li>\n<li>Controle de Cruzeiro Adaptativo (ACC)<\/li>\n<li>Assistente de Farol Alto<\/li>\n<li>Vis\u00e3o Noturna<\/li>\n<\/ul>\n<h2>U056B e a Rede CAN Bus<\/h2>\n<p>O c\u00f3digo U056B est\u00e1 intrinsecamente ligado \u00e0 comunica\u00e7\u00e3o via rede CAN bus. Sensores de imagem geram grandes volumes de dados que s\u00e3o transmitidos para unidades de controle espec\u00edficas ou para o m\u00f3dulo principal de ADAS. Qualquer interrup\u00e7\u00e3o, corrup\u00e7\u00e3o de dados ou atraso na comunica\u00e7\u00e3o pode resultar neste c\u00f3digo de falha. A an\u00e1lise da rede CAN bus com um oscilosc\u00f3pio pode revelar padr\u00f5es de comunica\u00e7\u00e3o anormais.<\/p>\n<h2>Diagrama El\u00e9trico e Teste de Circuito<\/h2>\n<p>Para diagnosticar este c\u00f3digo de forma precisa, \u00e9 fundamental o uso de diagramas el\u00e9tricos. Consulte o <b>diagrama el\u00e9trico no DIAGWEB<\/b> para identificar o circuito espec\u00edfico do sensor de processamento de imagem. A ferramenta permite visualizar:<\/p>\n<ul>\n<li>Localiza\u00e7\u00e3o e identifica\u00e7\u00e3o do sensor de c\u00e2mera.<\/li>\n<li>Pinos de alimenta\u00e7\u00e3o (tens\u00e3o), terra e comunica\u00e7\u00e3o do sensor com o m\u00f3dulo de controle.<\/li>\n<li>Componentes relacionados, como fus\u00edveis e rel\u00e9s.<\/li>\n<li>Trajetos da fia\u00e7\u00e3o entre os componentes.<\/li>\n<\/ul>\n<p>Use um mult\u00edmetro para verificar se os pinos de alimenta\u00e7\u00e3o do sensor recebem a voltagem especificada (consulte as especifica\u00e7\u00f5es t\u00e9cnicas no DIAGWEB, geralmente 5V ou 12V). Verifique tamb\u00e9m a continuidade da fia\u00e7\u00e3o e a aus\u00eancia de curtos ou aberturas. A inspe\u00e7\u00e3o visual minuciosa dos conectores em busca de pinos tortos, quebrados ou corro\u00eddos \u00e9 essencial.<\/p>\n<h2>Quando o U056B \u00e9 um Problema Cr\u00edtico?<\/h2>\n<p>O c\u00f3digo U056B pode ser considerado cr\u00edtico pois afeta diretamente a seguran\u00e7a ativa do ve\u00edculo. A desativa\u00e7\u00e3o de sistemas como frenagem autom\u00e1tica de emerg\u00eancia e assist\u00eancia de perman\u00eancia em faixa pode aumentar o risco de acidentes em situa\u00e7\u00f5es de emerg\u00eancia ou em condu\u00e7\u00e3o cont\u00ednua.<\/p>\n","protected":false},"excerpt":{"rendered":"O c\u00f3digo U056B, padronizado pela SAE, indica recebimento de dados inv\u00e1lidos do sensor de processamento de imagem. Afeta sistemas de assist\u00eancia ao condutor.","protected":false},"author":1,"featured_media":0,"comment_status":"open","ping_status":"open","sticky":false,"template":"","format":"standard","meta":{"csco_display_header_overlay":false,"csco_singular_sidebar":"","csco_page_header_type":"","csco_page_load_nextpost":"","csco_page_reading_time":"","csco_page_toc_navigation":"","csco_post_video_location":[],"csco_post_video_location_hash":"","csco_post_video_url":"","csco_post_video_bg_start_time":0,"csco_post_video_bg_end_time":0,"csco_post_video_bg_volume":false,"footnotes":""},"categories":[6173,13,6172,25668,16260],"tags":[15344,25670,28313,28314,16,16599,28200,28312],"class_list":{"0":"post-13258","1":"post","2":"type-post","3":"status-publish","4":"format-standard","6":"category-diagnostico-avancado","7":"category-diagnostico-dtc","8":"category-dtcs-rede-veicular","9":"category-sae-norma","10":"category-sistemas-adas","11":"tag-adas","12":"tag-b0002-sae","13":"tag-camera-veicular","14":"tag-codigo-u056b-sae","15":"tag-diagnostico","16":"tag-rede-can-bus","17":"tag-sensor-de-imagem","18":"tag-u056b","19":"cs-entry","20":"cs-video-wrap"},"yoast_head":"<!-- This site is optimized with the Yoast SEO plugin v27.0 - https:\/\/yoast.com\/product\/yoast-seo-wordpress\/ -->\r\n<title>U056B SAE: Dados Inv\u00e1lidos do Sensor de Imagem - Oficina Conectada | DTC e C\u00f3digos de Falha<\/title>\r\n<meta name=\"robots\" content=\"index, follow, max-snippet:-1, max-image-preview:large, max-video-preview:-1\" \/>\r\n<link rel=\"canonical\" href=\"https:\/\/oficinaconectada.com.br\/dtc\/sem-categoria\/u056b\/\" \/>\r\n<meta property=\"og:locale\" content=\"pt_BR\" \/>\r\n<meta property=\"og:type\" content=\"article\" \/>\r\n<meta property=\"og:title\" content=\"U056B SAE: Dados Inv\u00e1lidos do Sensor de Imagem - Oficina Conectada | DTC e C\u00f3digos de Falha\" \/>\r\n<meta property=\"og:description\" content=\"O c\u00f3digo U056B, padronizado pela SAE, indica recebimento de dados inv\u00e1lidos do sensor de processamento de imagem. Afeta sistemas de assist\u00eancia ao condutor.\" \/>\r\n<meta property=\"og:url\" content=\"https:\/\/oficinaconectada.com.br\/dtc\/sem-categoria\/u056b\/\" \/>\r\n<meta property=\"og:site_name\" content=\"Oficina Conectada | DTC e C\u00f3digos de Falha\" \/>\r\n<meta property=\"article:published_time\" content=\"2026-04-09T12:58:18+00:00\" \/>\r\n<meta name=\"author\" content=\"Pablo Eduardo\" \/>\r\n<meta name=\"twitter:card\" content=\"summary_large_image\" \/>\r\n<meta name=\"twitter:label1\" content=\"Escrito por\" \/>\n\t<meta name=\"twitter:data1\" content=\"Pablo Eduardo\" \/>\n\t<meta name=\"twitter:label2\" content=\"Est. tempo de leitura\" \/>\n\t<meta name=\"twitter:data2\" content=\"4 minutos\" \/>\r\n<script type=\"application\/ld+json\" class=\"yoast-schema-graph\">{\"@context\":\"https:\/\/schema.org\",\"@graph\":[{\"@type\":\"Article\",\"@id\":\"https:\/\/oficinaconectada.com.br\/dtc\/sem-categoria\/u056b\/#article\",\"isPartOf\":{\"@id\":\"https:\/\/oficinaconectada.com.br\/dtc\/sem-categoria\/u056b\/\"},\"author\":{\"name\":\"Pablo Eduardo\",\"@id\":\"https:\/\/oficinaconectada.com.br\/dtc\/#\/schema\/person\/b05379d5192b1bb9ea5fb9936b746b78\"},\"headline\":\"U056B SAE: Dados Inv\u00e1lidos do Sensor de Imagem\",\"datePublished\":\"2026-04-09T12:58:18+00:00\",\"mainEntityOfPage\":{\"@id\":\"https:\/\/oficinaconectada.com.br\/dtc\/sem-categoria\/u056b\/\"},\"wordCount\":854,\"commentCount\":0,\"publisher\":{\"@id\":\"https:\/\/oficinaconectada.com.br\/dtc\/#organization\"},\"keywords\":[\"ADAS\",\"B0002 SAE\",\"c\u00e2mera veicular\",\"c\u00f3digo U056B SAE\",\"Diagn\u00f3stico\",\"rede CAN bus\",\"sensor de imagem\",\"U056B\"],\"articleSection\":[\"Diagn\u00f3stico Avan\u00e7ado\",\"Diagn\u00f3stico DTC\",\"DTCs Rede Veicular\",\"Sae (Norma)\",\"Sistemas ADAS\"],\"inLanguage\":\"pt-BR\",\"potentialAction\":[{\"@type\":\"CommentAction\",\"name\":\"Comment\",\"target\":[\"https:\/\/oficinaconectada.com.br\/dtc\/sem-categoria\/u056b\/#respond\"]}]},{\"@type\":\"WebPage\",\"@id\":\"https:\/\/oficinaconectada.com.br\/dtc\/sem-categoria\/u056b\/\",\"url\":\"https:\/\/oficinaconectada.com.br\/dtc\/sem-categoria\/u056b\/\",\"name\":\"U056B SAE: Dados Inv\u00e1lidos do Sensor de Imagem - Oficina Conectada | DTC e C\u00f3digos de Falha\",\"isPartOf\":{\"@id\":\"https:\/\/oficinaconectada.com.br\/dtc\/#website\"},\"datePublished\":\"2026-04-09T12:58:18+00:00\",\"breadcrumb\":{\"@id\":\"https:\/\/oficinaconectada.com.br\/dtc\/sem-categoria\/u056b\/#breadcrumb\"},\"inLanguage\":\"pt-BR\",\"potentialAction\":[{\"@type\":\"ReadAction\",\"target\":[\"https:\/\/oficinaconectada.com.br\/dtc\/sem-categoria\/u056b\/\"]}]},{\"@type\":\"BreadcrumbList\",\"@id\":\"https:\/\/oficinaconectada.com.br\/dtc\/sem-categoria\/u056b\/#breadcrumb\",\"itemListElement\":[{\"@type\":\"ListItem\",\"position\":1,\"name\":\"Home\",\"item\":\"https:\/\/oficinaconectada.com.br\/dtc\/\"},{\"@type\":\"ListItem\",\"position\":2,\"name\":\"U056B SAE: Dados Inv\u00e1lidos do Sensor de Imagem\"}]},{\"@type\":\"WebSite\",\"@id\":\"https:\/\/oficinaconectada.com.br\/dtc\/#website\",\"url\":\"https:\/\/oficinaconectada.com.br\/dtc\/\",\"name\":\"Oficina Conectada | C\u00f3digos de Falha DTC\",\"description\":\"A Oficina Conectada \u00e9 o primeiro passo para o diagn\u00f3stico lucrativo. Consulte c\u00f3digos de falha DTC e OBD2 com causas, sintomas e solu\u00e7\u00f5es profissionais.\",\"publisher\":{\"@id\":\"https:\/\/oficinaconectada.com.br\/dtc\/#organization\"},\"potentialAction\":[{\"@type\":\"SearchAction\",\"target\":{\"@type\":\"EntryPoint\",\"urlTemplate\":\"https:\/\/oficinaconectada.com.br\/dtc\/?s={search_term_string}\"},\"query-input\":{\"@type\":\"PropertyValueSpecification\",\"valueRequired\":true,\"valueName\":\"search_term_string\"}}],\"inLanguage\":\"pt-BR\"},{\"@type\":\"Organization\",\"@id\":\"https:\/\/oficinaconectada.com.br\/dtc\/#organization\",\"name\":\"Oficina Conectada | C\u00f3digos de Falha DTC\",\"url\":\"https:\/\/oficinaconectada.com.br\/dtc\/\",\"logo\":{\"@type\":\"ImageObject\",\"inLanguage\":\"pt-BR\",\"@id\":\"https:\/\/oficinaconectada.com.br\/dtc\/#\/schema\/logo\/image\/\",\"url\":\"https:\/\/oficinaconectada.com.br\/dtc\/wp-content\/uploads\/2026\/02\/OficinaConectadaDTC.png\",\"contentUrl\":\"https:\/\/oficinaconectada.com.br\/dtc\/wp-content\/uploads\/2026\/02\/OficinaConectadaDTC.png\",\"width\":245,\"height\":100,\"caption\":\"Oficina Conectada | C\u00f3digos de Falha DTC\"},\"image\":{\"@id\":\"https:\/\/oficinaconectada.com.br\/dtc\/#\/schema\/logo\/image\/\"}},{\"@type\":\"Person\",\"@id\":\"https:\/\/oficinaconectada.com.br\/dtc\/#\/schema\/person\/b05379d5192b1bb9ea5fb9936b746b78\",\"name\":\"Pablo Eduardo\",\"image\":{\"@type\":\"ImageObject\",\"inLanguage\":\"pt-BR\",\"@id\":\"https:\/\/oficinaconectada.com.br\/dtc\/#\/schema\/person\/image\/\",\"url\":\"https:\/\/secure.gravatar.com\/avatar\/36a476f36de7a3b4526c6c4d1c99c240610b4949b92294d4de2634b206fdbfc6?s=96&d=mm&r=g\",\"contentUrl\":\"https:\/\/secure.gravatar.com\/avatar\/36a476f36de7a3b4526c6c4d1c99c240610b4949b92294d4de2634b206fdbfc6?s=96&d=mm&r=g\",\"caption\":\"Pablo Eduardo\"},\"sameAs\":[\"https:\/\/oficinaconectada.com.br\/dtc\"],\"url\":\"https:\/\/oficinaconectada.com.br\/dtc\/author\/pablo-eduardo\/\"}]}<\/script>\r\n<!-- \/ Yoast SEO plugin. -->","yoast_head_json":{"title":"U056B SAE: Dados Inv\u00e1lidos do Sensor de Imagem - Oficina Conectada | DTC e C\u00f3digos de Falha","robots":{"index":"index","follow":"follow","max-snippet":"max-snippet:-1","max-image-preview":"max-image-preview:large","max-video-preview":"max-video-preview:-1"},"canonical":"https:\/\/oficinaconectada.com.br\/dtc\/sem-categoria\/u056b\/","og_locale":"pt_BR","og_type":"article","og_title":"U056B SAE: Dados Inv\u00e1lidos do Sensor de Imagem - Oficina Conectada | DTC e C\u00f3digos de Falha","og_description":"O c\u00f3digo U056B, padronizado pela SAE, indica recebimento de dados inv\u00e1lidos do sensor de processamento de imagem. Afeta sistemas de assist\u00eancia ao condutor.","og_url":"https:\/\/oficinaconectada.com.br\/dtc\/sem-categoria\/u056b\/","og_site_name":"Oficina Conectada | DTC e C\u00f3digos de Falha","article_published_time":"2026-04-09T12:58:18+00:00","author":"Pablo Eduardo","twitter_card":"summary_large_image","twitter_misc":{"Escrito por":"Pablo Eduardo","Est. tempo de leitura":"4 minutos"},"schema":{"@context":"https:\/\/schema.org","@graph":[{"@type":"Article","@id":"https:\/\/oficinaconectada.com.br\/dtc\/sem-categoria\/u056b\/#article","isPartOf":{"@id":"https:\/\/oficinaconectada.com.br\/dtc\/sem-categoria\/u056b\/"},"author":{"name":"Pablo Eduardo","@id":"https:\/\/oficinaconectada.com.br\/dtc\/#\/schema\/person\/b05379d5192b1bb9ea5fb9936b746b78"},"headline":"U056B SAE: Dados Inv\u00e1lidos do Sensor de Imagem","datePublished":"2026-04-09T12:58:18+00:00","mainEntityOfPage":{"@id":"https:\/\/oficinaconectada.com.br\/dtc\/sem-categoria\/u056b\/"},"wordCount":854,"commentCount":0,"publisher":{"@id":"https:\/\/oficinaconectada.com.br\/dtc\/#organization"},"keywords":["ADAS","B0002 SAE","c\u00e2mera veicular","c\u00f3digo U056B SAE","Diagn\u00f3stico","rede CAN bus","sensor de imagem","U056B"],"articleSection":["Diagn\u00f3stico Avan\u00e7ado","Diagn\u00f3stico DTC","DTCs Rede Veicular","Sae (Norma)","Sistemas ADAS"],"inLanguage":"pt-BR","potentialAction":[{"@type":"CommentAction","name":"Comment","target":["https:\/\/oficinaconectada.com.br\/dtc\/sem-categoria\/u056b\/#respond"]}]},{"@type":"WebPage","@id":"https:\/\/oficinaconectada.com.br\/dtc\/sem-categoria\/u056b\/","url":"https:\/\/oficinaconectada.com.br\/dtc\/sem-categoria\/u056b\/","name":"U056B SAE: Dados Inv\u00e1lidos do Sensor de Imagem - Oficina Conectada | DTC e C\u00f3digos de Falha","isPartOf":{"@id":"https:\/\/oficinaconectada.com.br\/dtc\/#website"},"datePublished":"2026-04-09T12:58:18+00:00","breadcrumb":{"@id":"https:\/\/oficinaconectada.com.br\/dtc\/sem-categoria\/u056b\/#breadcrumb"},"inLanguage":"pt-BR","potentialAction":[{"@type":"ReadAction","target":["https:\/\/oficinaconectada.com.br\/dtc\/sem-categoria\/u056b\/"]}]},{"@type":"BreadcrumbList","@id":"https:\/\/oficinaconectada.com.br\/dtc\/sem-categoria\/u056b\/#breadcrumb","itemListElement":[{"@type":"ListItem","position":1,"name":"Home","item":"https:\/\/oficinaconectada.com.br\/dtc\/"},{"@type":"ListItem","position":2,"name":"U056B SAE: Dados Inv\u00e1lidos do Sensor de Imagem"}]},{"@type":"WebSite","@id":"https:\/\/oficinaconectada.com.br\/dtc\/#website","url":"https:\/\/oficinaconectada.com.br\/dtc\/","name":"Oficina Conectada | C\u00f3digos de Falha DTC","description":"A Oficina Conectada \u00e9 o primeiro passo para o diagn\u00f3stico lucrativo. Consulte c\u00f3digos de falha DTC e OBD2 com causas, sintomas e solu\u00e7\u00f5es profissionais.","publisher":{"@id":"https:\/\/oficinaconectada.com.br\/dtc\/#organization"},"potentialAction":[{"@type":"SearchAction","target":{"@type":"EntryPoint","urlTemplate":"https:\/\/oficinaconectada.com.br\/dtc\/?s={search_term_string}"},"query-input":{"@type":"PropertyValueSpecification","valueRequired":true,"valueName":"search_term_string"}}],"inLanguage":"pt-BR"},{"@type":"Organization","@id":"https:\/\/oficinaconectada.com.br\/dtc\/#organization","name":"Oficina Conectada | C\u00f3digos de Falha DTC","url":"https:\/\/oficinaconectada.com.br\/dtc\/","logo":{"@type":"ImageObject","inLanguage":"pt-BR","@id":"https:\/\/oficinaconectada.com.br\/dtc\/#\/schema\/logo\/image\/","url":"https:\/\/oficinaconectada.com.br\/dtc\/wp-content\/uploads\/2026\/02\/OficinaConectadaDTC.png","contentUrl":"https:\/\/oficinaconectada.com.br\/dtc\/wp-content\/uploads\/2026\/02\/OficinaConectadaDTC.png","width":245,"height":100,"caption":"Oficina Conectada | C\u00f3digos de Falha DTC"},"image":{"@id":"https:\/\/oficinaconectada.com.br\/dtc\/#\/schema\/logo\/image\/"}},{"@type":"Person","@id":"https:\/\/oficinaconectada.com.br\/dtc\/#\/schema\/person\/b05379d5192b1bb9ea5fb9936b746b78","name":"Pablo Eduardo","image":{"@type":"ImageObject","inLanguage":"pt-BR","@id":"https:\/\/oficinaconectada.com.br\/dtc\/#\/schema\/person\/image\/","url":"https:\/\/secure.gravatar.com\/avatar\/36a476f36de7a3b4526c6c4d1c99c240610b4949b92294d4de2634b206fdbfc6?s=96&d=mm&r=g","contentUrl":"https:\/\/secure.gravatar.com\/avatar\/36a476f36de7a3b4526c6c4d1c99c240610b4949b92294d4de2634b206fdbfc6?s=96&d=mm&r=g","caption":"Pablo Eduardo"},"sameAs":["https:\/\/oficinaconectada.com.br\/dtc"],"url":"https:\/\/oficinaconectada.com.br\/dtc\/author\/pablo-eduardo\/"}]}},"yoast_title":"","yoast_metadesc":"","yoast_focus_keyword":"","yoast_readability":"","yoast_keyword_density":"","_links":{"self":[{"href":"https:\/\/oficinaconectada.com.br\/dtc\/wp-json\/wp\/v2\/posts\/13258","targetHints":{"allow":["GET"]}}],"collection":[{"href":"https:\/\/oficinaconectada.com.br\/dtc\/wp-json\/wp\/v2\/posts"}],"about":[{"href":"https:\/\/oficinaconectada.com.br\/dtc\/wp-json\/wp\/v2\/types\/post"}],"author":[{"embeddable":true,"href":"https:\/\/oficinaconectada.com.br\/dtc\/wp-json\/wp\/v2\/users\/1"}],"replies":[{"embeddable":true,"href":"https:\/\/oficinaconectada.com.br\/dtc\/wp-json\/wp\/v2\/comments?post=13258"}],"version-history":[{"count":0,"href":"https:\/\/oficinaconectada.com.br\/dtc\/wp-json\/wp\/v2\/posts\/13258\/revisions"}],"wp:attachment":[{"href":"https:\/\/oficinaconectada.com.br\/dtc\/wp-json\/wp\/v2\/media?parent=13258"}],"wp:term":[{"taxonomy":"category","embeddable":true,"href":"https:\/\/oficinaconectada.com.br\/dtc\/wp-json\/wp\/v2\/categories?post=13258"},{"taxonomy":"post_tag","embeddable":true,"href":"https:\/\/oficinaconectada.com.br\/dtc\/wp-json\/wp\/v2\/tags?post=13258"}],"curies":[{"name":"wp","href":"https:\/\/api.w.org\/{rel}","templated":true}]}}