{"id":13257,"date":"2026-04-09T09:57:52","date_gmt":"2026-04-09T12:57:52","guid":{"rendered":"https:\/\/oficinaconectada.com.br\/dtc\/sem-categoria\/u056a\/"},"modified":"2026-04-09T09:57:52","modified_gmt":"2026-04-09T12:57:52","slug":"u056a","status":"publish","type":"post","link":"https:\/\/oficinaconectada.com.br\/dtc\/diagnostico-dtc\/u056a\/","title":{"rendered":"U056A SAE: Dados Inv\u00e1lidos do Sensor de Processamento de Imagem E"},"content":{"rendered":"<h1>C\u00f3digo U056A: Diagn\u00f3stico de Dados Inv\u00e1lidos do Sensor de Processamento de Imagem E (SAE)<\/h1>\n<p>O <b>c\u00f3digo U056A<\/b>, definido pela norma SAE (Society of Automotive Engineers), indica que um m\u00f3dulo de controle no ve\u00edculo recebeu dados inv\u00e1lidos de um sensor espec\u00edfico denominado &#8216;Image Processing Sensor E&#8217;. Este c\u00f3digo est\u00e1 intrinsecamente ligado a sistemas avan\u00e7ados de assist\u00eancia ao condutor (ADAS), como controle de cruzeiro adaptativo, assistente de perman\u00eancia em faixa e frenagem autom\u00e1tica de emerg\u00eancia.<\/p>\n<h2>O que significa U056A?<\/h2>\n<p><b>U056A<\/b> refere-se a uma falha na comunica\u00e7\u00e3o ou na qualidade dos dados provenientes de um sensor de processamento de imagem, especificamente designado como &#8216;Sensor E&#8217;. Este sensor \u00e9 fundamental para que sistemas ADAS interpretem o ambiente ao redor do ve\u00edculo, identificando faixas de rodagem, outros ve\u00edculos, pedestres e obst\u00e1culos.<\/p>\n<h2>Sistemas Afetados pelo U056A<\/h2>\n<p>Este c\u00f3digo de falha pode afetar diretamente:<\/p>\n<ul>\n<li>Sistemas de Assist\u00eancia de Perman\u00eancia em Faixa (Lane Keeping Assist &#8211; LKA)<\/li>\n<li>Controle de Cruzeiro Adaptativo (Adaptive Cruise Control &#8211; ACC)<\/li>\n<li>Sistema de Detec\u00e7\u00e3o de Ponto Cego (Blind Spot Detection &#8211; BSD)<\/li>\n<li>Frenagem Autom\u00e1tica de Emerg\u00eancia (Automatic Emergency Braking &#8211; AEB)<\/li>\n<li>Reconhecimento de Sinais de Tr\u00e2nsito (Traffic Sign Recognition &#8211; TSR)<\/li>\n<li>Sistema de Vis\u00e3o Noturna (Night Vision System)<\/li>\n<\/ul>\n<h2>Causas Comuns do C\u00f3digo U056A<\/h2>\n<p>As causas mais frequentes para o acionamento do <b>c\u00f3digo U056A<\/b> envolvem:<\/p>\n<ul>\n<li><b>Obstru\u00e7\u00e3o f\u00edsica do sensor:<\/b> Sujeira, gelo, neve, adesivos ou danos no para-brisa ou na carca\u00e7a do sensor de imagem.<\/li>\n<li><b>Desalinhamento do sensor:<\/b> Perda de calibra\u00e7\u00e3o devido a impacto, reparos na carroceria ou suspens\u00e3o.<\/li>\n<li><b>Falha no pr\u00f3prio sensor:<\/b> Defeito interno no componente eletr\u00f4nico do sensor de processamento de imagem.<\/li>\n<li><b>Problemas de fia\u00e7\u00e3o e conectores:<\/b> Cabos danificados, corros\u00e3o nos terminais, ou conex\u00f5es soltas no chicote que liga o sensor ao m\u00f3dulo de controle.<\/li>\n<li><b>Falha no m\u00f3dulo de controle:<\/b> O m\u00f3dulo que recebe os dados do sensor pode estar com defeito.<\/li>\n<li><b>Problemas de calibra\u00e7\u00e3o:<\/b> Necessidade de recalibra\u00e7\u00e3o ap\u00f3s a substitui\u00e7\u00e3o de pe\u00e7as ou reparos.<\/li>\n<\/ul>\n<h2>Como Diagnosticar U056A<\/h2>\n<p>O diagn\u00f3stico do <b>c\u00f3digo U056A<\/b> requer ferramentas espec\u00edficas:<\/p>\n<ol>\n<li><b>Scanner OBD2 Avan\u00e7ado:<\/b> Utilizar um scanner capaz de ler c\u00f3digos de sistemas ADAS espec\u00edficos da montadora.<\/li>\n<li><b>Verifica\u00e7\u00e3o do Sensor:<\/b> Inspecionar fisicamente o sensor de imagem quanto a obstru\u00e7\u00f5es, danos ou sujeira. Limpar delicadamente com produtos apropriados.<\/li>\n<li><b>An\u00e1lise de Dados em Tempo Real (Live Data):<\/b> Monitorar os dados enviados pelo sensor de imagem via scanner. Observar se os valores est\u00e3o dentro das faixas esperadas ou se h\u00e1 inconsist\u00eancias.<\/li>\n<li><b>Verifica\u00e7\u00e3o de Fia\u00e7\u00e3o e Conectores:<\/b> Consultar o diagrama el\u00e9trico do ve\u00edculo (ver se\u00e7\u00e3o espec\u00edfica) para testar continuidade, tens\u00e3o e aterramento nos pinos do sensor e do m\u00f3dulo de controle.<\/li>\n<li><b>Testes de Calibra\u00e7\u00e3o:<\/b> Em muitos casos, ap\u00f3s a limpeza ou substitui\u00e7\u00e3o do sensor, \u00e9 obrigat\u00f3rio realizar um procedimento de calibra\u00e7\u00e3o, que pode ser feito em oficina especializada com equipamentos espec\u00edficos.<\/li>\n<li><b>An\u00e1lise do M\u00f3dulo de Controle:<\/b> Verificar se o m\u00f3dulo respons\u00e1vel pelo processamento dos dados do sensor est\u00e1 operando corretamente.<\/li>\n<\/ol>\n<h2>Diagrama El\u00e9trico e Teste de Circuito<\/h2>\n<p>Para um diagn\u00f3stico preciso do <b>c\u00f3digo U056A<\/b> em ve\u00edculos equipados com sistemas ADAS, \u00e9 fundamental consultar o <b>diagrama el\u00e9trico no DIAGWEB<\/b>:<\/p>\n<ul>\n<li>No <b>DIAGWEB<\/b>, pesquise pela [montadora] espec\u00edfica, [ano\/modelo] do ve\u00edculo e localize o sistema relacionado aos &#8216;Sistemas de Assist\u00eancia ao Condutor&#8217;, &#8216;C\u00e2mera Frontal&#8217; ou &#8216;Sensor de Processamento de Imagem&#8217;.<\/li>\n<li>Identifique o <b>circuito do sensor de processamento de imagem E<\/b>. O diagrama mostrar\u00e1 a pinagem do sensor e sua conex\u00e3o com o m\u00f3dulo de controle (geralmente um m\u00f3dulo ADAS dedicado ou a ECU principal).<\/li>\n<li>Realize testes de <b>tens\u00e3o de alimenta\u00e7\u00e3o<\/b> (+Vcc), <b>aterramento<\/b> (GND) e <b>sinal<\/b> com um mult\u00edmetro digital ou oscilosc\u00f3pio. Verifique as especifica\u00e7\u00f5es de voltagem e forma de onda no DIAGWEB.<\/li>\n<li>Inspecione <b>continuidade<\/b> da fia\u00e7\u00e3o entre o sensor e o m\u00f3dulo de controle. Verifique se h\u00e1 curtos-circuitos ou circuitos abertos.<\/li>\n<li>Procure por <b>corros\u00e3o ou pinos danificados nos conectores<\/b> do sensor e do m\u00f3dulo. A m\u00e1 conex\u00e3o \u00e9 uma causa comum de dados inv\u00e1lidos.<\/li>\n<li>O DIAGWEB tamb\u00e9m indicar\u00e1 a localiza\u00e7\u00e3o dos fus\u00edveis e rel\u00e9s associados a este sistema, que devem ser inspecionados.<\/li>\n<\/ul>\n<p>A aus\u00eancia do diagrama el\u00e9trico dificulta a localiza\u00e7\u00e3o dos pinos corretos para teste e aumenta o risco de diagn\u00f3sticos err\u00f4neos, podendo levar \u00e0 substitui\u00e7\u00e3o desnecess\u00e1ria de componentes.<\/p>\n<h2>Calibra\u00e7\u00e3o do Sensor de Imagem<\/h2>\n<p>A calibra\u00e7\u00e3o \u00e9 um passo cr\u00edtico ap\u00f3s a substitui\u00e7\u00e3o ou desalinhamento do sensor de processamento de imagem. Este procedimento garante que o sensor interprete corretamente as informa\u00e7\u00f5es visuais.<\/p>\n<p>Existem dois tipos principais de calibra\u00e7\u00e3o:<\/p>\n<ul>\n<li><b>Calibra\u00e7\u00e3o Est\u00e1tica:<\/b> Realizada em ambiente controlado, com o ve\u00edculo parado e utilizando equipamentos espec\u00edficos alinhados ao sensor.<\/li>\n<li><b>Calibra\u00e7\u00e3o Din\u00e2mica:<\/b> Realizada com o ve\u00edculo em movimento, seguindo rotas pr\u00e9-determinadas e velocidade espec\u00edfica, onde o sistema auto-calibra.<\/li>\n<\/ul>\n<p>A falha na calibra\u00e7\u00e3o resultar\u00e1 no reaparecimento do c\u00f3digo U056A ou em falhas em outros sistemas ADAS.<\/p>\n<h2>Impacto na Seguran\u00e7a Veicular<\/h2>\n<p>O <b>c\u00f3digo U056A<\/b> impacta diretamente a seguran\u00e7a do ve\u00edculo. A indisponibilidade dos sistemas ADAS compromete a prote\u00e7\u00e3o do condutor e dos passageiros. Portanto, a corre\u00e7\u00e3o deste c\u00f3digo de falha deve ser priorizada.<\/p>\n","protected":false},"excerpt":{"rendered":"O c\u00f3digo U056A indica que o m\u00f3dulo de controle recebeu dados inv\u00e1lidos do Sensor de Processamento de Imagem E. Requer diagn\u00f3stico em sistemas avan\u00e7ados de assist\u00eancia ao condutor (ADAS).","protected":false},"author":1,"featured_media":0,"comment_status":"open","ping_status":"open","sticky":false,"template":"","format":"standard","meta":{"csco_display_header_overlay":false,"csco_singular_sidebar":"","csco_page_header_type":"","csco_page_load_nextpost":"","csco_page_reading_time":"","csco_page_toc_navigation":"","csco_post_video_location":[],"csco_post_video_location_hash":"","csco_post_video_url":"","csco_post_video_bg_start_time":0,"csco_post_video_bg_end_time":0,"csco_post_video_bg_volume":false,"footnotes":""},"categories":[52,13,26486,25668,75],"tags":[15344,25670,20074,28311,16,4958,28200,28310],"class_list":{"0":"post-13257","1":"post","2":"type-post","3":"status-publish","4":"format-standard","6":"category-diagnostico-automotivo","7":"category-diagnostico-dtc","8":"category-dtcs-geral","9":"category-sae-norma","10":"category-seguranca-veicular","11":"tag-adas","12":"tag-b0002-sae","13":"tag-codigo-obd2","14":"tag-codigo-u056a-sae","15":"tag-diagnostico","16":"tag-memoria-de-calibracao","17":"tag-sensor-de-imagem","18":"tag-u056a","19":"cs-entry","20":"cs-video-wrap"},"yoast_head":"<!-- This site is optimized with the Yoast SEO plugin v27.0 - https:\/\/yoast.com\/product\/yoast-seo-wordpress\/ -->\r\n<title>U056A SAE: Dados Inv\u00e1lidos do Sensor de Processamento de Imagem E - Oficina Conectada | DTC e C\u00f3digos de Falha<\/title>\r\n<meta name=\"robots\" content=\"index, follow, max-snippet:-1, max-image-preview:large, max-video-preview:-1\" \/>\r\n<link rel=\"canonical\" href=\"https:\/\/oficinaconectada.com.br\/dtc\/sem-categoria\/u056a\/\" \/>\r\n<meta property=\"og:locale\" content=\"pt_BR\" \/>\r\n<meta property=\"og:type\" content=\"article\" \/>\r\n<meta property=\"og:title\" content=\"U056A SAE: Dados Inv\u00e1lidos do Sensor de Processamento de Imagem E - Oficina Conectada | DTC e C\u00f3digos de Falha\" \/>\r\n<meta property=\"og:description\" content=\"O c\u00f3digo U056A indica que o m\u00f3dulo de controle recebeu dados inv\u00e1lidos do Sensor de Processamento de Imagem E. Requer diagn\u00f3stico em sistemas avan\u00e7ados de assist\u00eancia ao condutor (ADAS).\" \/>\r\n<meta property=\"og:url\" content=\"https:\/\/oficinaconectada.com.br\/dtc\/sem-categoria\/u056a\/\" \/>\r\n<meta property=\"og:site_name\" content=\"Oficina Conectada | DTC e C\u00f3digos de Falha\" \/>\r\n<meta property=\"article:published_time\" content=\"2026-04-09T12:57:52+00:00\" \/>\r\n<meta name=\"author\" content=\"Pablo Eduardo\" \/>\r\n<meta name=\"twitter:card\" content=\"summary_large_image\" \/>\r\n<meta name=\"twitter:label1\" content=\"Escrito por\" \/>\n\t<meta name=\"twitter:data1\" content=\"Pablo Eduardo\" \/>\n\t<meta name=\"twitter:label2\" content=\"Est. tempo de leitura\" \/>\n\t<meta name=\"twitter:data2\" content=\"5 minutos\" \/>\r\n<script type=\"application\/ld+json\" class=\"yoast-schema-graph\">{\"@context\":\"https:\/\/schema.org\",\"@graph\":[{\"@type\":\"Article\",\"@id\":\"https:\/\/oficinaconectada.com.br\/dtc\/sem-categoria\/u056a\/#article\",\"isPartOf\":{\"@id\":\"https:\/\/oficinaconectada.com.br\/dtc\/sem-categoria\/u056a\/\"},\"author\":{\"name\":\"Pablo Eduardo\",\"@id\":\"https:\/\/oficinaconectada.com.br\/dtc\/#\/schema\/person\/b05379d5192b1bb9ea5fb9936b746b78\"},\"headline\":\"U056A SAE: Dados Inv\u00e1lidos do Sensor de Processamento de Imagem E\",\"datePublished\":\"2026-04-09T12:57:52+00:00\",\"mainEntityOfPage\":{\"@id\":\"https:\/\/oficinaconectada.com.br\/dtc\/sem-categoria\/u056a\/\"},\"wordCount\":953,\"commentCount\":0,\"publisher\":{\"@id\":\"https:\/\/oficinaconectada.com.br\/dtc\/#organization\"},\"keywords\":[\"ADAS\",\"B0002 SAE\",\"c\u00f3digo OBD2\",\"c\u00f3digo U056A SAE\",\"Diagn\u00f3stico\",\"mem\u00f3ria de calibra\u00e7\u00e3o\",\"sensor de imagem\",\"U056A\"],\"articleSection\":[\"Diagn\u00f3stico Automotivo\",\"Diagn\u00f3stico DTC\",\"DTCs Geral\",\"Sae (Norma)\",\"Seguran\u00e7a Veicular\"],\"inLanguage\":\"pt-BR\",\"potentialAction\":[{\"@type\":\"CommentAction\",\"name\":\"Comment\",\"target\":[\"https:\/\/oficinaconectada.com.br\/dtc\/sem-categoria\/u056a\/#respond\"]}]},{\"@type\":\"WebPage\",\"@id\":\"https:\/\/oficinaconectada.com.br\/dtc\/sem-categoria\/u056a\/\",\"url\":\"https:\/\/oficinaconectada.com.br\/dtc\/sem-categoria\/u056a\/\",\"name\":\"U056A SAE: Dados Inv\u00e1lidos do Sensor de Processamento de Imagem E - Oficina Conectada | DTC e C\u00f3digos de Falha\",\"isPartOf\":{\"@id\":\"https:\/\/oficinaconectada.com.br\/dtc\/#website\"},\"datePublished\":\"2026-04-09T12:57:52+00:00\",\"breadcrumb\":{\"@id\":\"https:\/\/oficinaconectada.com.br\/dtc\/sem-categoria\/u056a\/#breadcrumb\"},\"inLanguage\":\"pt-BR\",\"potentialAction\":[{\"@type\":\"ReadAction\",\"target\":[\"https:\/\/oficinaconectada.com.br\/dtc\/sem-categoria\/u056a\/\"]}]},{\"@type\":\"BreadcrumbList\",\"@id\":\"https:\/\/oficinaconectada.com.br\/dtc\/sem-categoria\/u056a\/#breadcrumb\",\"itemListElement\":[{\"@type\":\"ListItem\",\"position\":1,\"name\":\"Home\",\"item\":\"https:\/\/oficinaconectada.com.br\/dtc\/\"},{\"@type\":\"ListItem\",\"position\":2,\"name\":\"U056A SAE: Dados Inv\u00e1lidos do Sensor de Processamento de Imagem E\"}]},{\"@type\":\"WebSite\",\"@id\":\"https:\/\/oficinaconectada.com.br\/dtc\/#website\",\"url\":\"https:\/\/oficinaconectada.com.br\/dtc\/\",\"name\":\"Oficina Conectada | C\u00f3digos de Falha DTC\",\"description\":\"A Oficina Conectada \u00e9 o primeiro passo para o diagn\u00f3stico lucrativo. Consulte c\u00f3digos de falha DTC e OBD2 com causas, sintomas e solu\u00e7\u00f5es profissionais.\",\"publisher\":{\"@id\":\"https:\/\/oficinaconectada.com.br\/dtc\/#organization\"},\"potentialAction\":[{\"@type\":\"SearchAction\",\"target\":{\"@type\":\"EntryPoint\",\"urlTemplate\":\"https:\/\/oficinaconectada.com.br\/dtc\/?s={search_term_string}\"},\"query-input\":{\"@type\":\"PropertyValueSpecification\",\"valueRequired\":true,\"valueName\":\"search_term_string\"}}],\"inLanguage\":\"pt-BR\"},{\"@type\":\"Organization\",\"@id\":\"https:\/\/oficinaconectada.com.br\/dtc\/#organization\",\"name\":\"Oficina Conectada | C\u00f3digos de Falha DTC\",\"url\":\"https:\/\/oficinaconectada.com.br\/dtc\/\",\"logo\":{\"@type\":\"ImageObject\",\"inLanguage\":\"pt-BR\",\"@id\":\"https:\/\/oficinaconectada.com.br\/dtc\/#\/schema\/logo\/image\/\",\"url\":\"https:\/\/oficinaconectada.com.br\/dtc\/wp-content\/uploads\/2026\/02\/OficinaConectadaDTC.png\",\"contentUrl\":\"https:\/\/oficinaconectada.com.br\/dtc\/wp-content\/uploads\/2026\/02\/OficinaConectadaDTC.png\",\"width\":245,\"height\":100,\"caption\":\"Oficina Conectada | C\u00f3digos de Falha DTC\"},\"image\":{\"@id\":\"https:\/\/oficinaconectada.com.br\/dtc\/#\/schema\/logo\/image\/\"}},{\"@type\":\"Person\",\"@id\":\"https:\/\/oficinaconectada.com.br\/dtc\/#\/schema\/person\/b05379d5192b1bb9ea5fb9936b746b78\",\"name\":\"Pablo Eduardo\",\"image\":{\"@type\":\"ImageObject\",\"inLanguage\":\"pt-BR\",\"@id\":\"https:\/\/oficinaconectada.com.br\/dtc\/#\/schema\/person\/image\/\",\"url\":\"https:\/\/secure.gravatar.com\/avatar\/36a476f36de7a3b4526c6c4d1c99c240610b4949b92294d4de2634b206fdbfc6?s=96&d=mm&r=g\",\"contentUrl\":\"https:\/\/secure.gravatar.com\/avatar\/36a476f36de7a3b4526c6c4d1c99c240610b4949b92294d4de2634b206fdbfc6?s=96&d=mm&r=g\",\"caption\":\"Pablo Eduardo\"},\"sameAs\":[\"https:\/\/oficinaconectada.com.br\/dtc\"],\"url\":\"https:\/\/oficinaconectada.com.br\/dtc\/author\/pablo-eduardo\/\"}]}<\/script>\r\n<!-- \/ Yoast SEO plugin. -->","yoast_head_json":{"title":"U056A SAE: Dados Inv\u00e1lidos do Sensor de Processamento de Imagem E - Oficina Conectada | DTC e C\u00f3digos de Falha","robots":{"index":"index","follow":"follow","max-snippet":"max-snippet:-1","max-image-preview":"max-image-preview:large","max-video-preview":"max-video-preview:-1"},"canonical":"https:\/\/oficinaconectada.com.br\/dtc\/sem-categoria\/u056a\/","og_locale":"pt_BR","og_type":"article","og_title":"U056A SAE: Dados Inv\u00e1lidos do Sensor de Processamento de Imagem E - Oficina Conectada | DTC e C\u00f3digos de Falha","og_description":"O c\u00f3digo U056A indica que o m\u00f3dulo de controle recebeu dados inv\u00e1lidos do Sensor de Processamento de Imagem E. Requer diagn\u00f3stico em sistemas avan\u00e7ados de assist\u00eancia ao condutor (ADAS).","og_url":"https:\/\/oficinaconectada.com.br\/dtc\/sem-categoria\/u056a\/","og_site_name":"Oficina Conectada | DTC e C\u00f3digos de Falha","article_published_time":"2026-04-09T12:57:52+00:00","author":"Pablo Eduardo","twitter_card":"summary_large_image","twitter_misc":{"Escrito por":"Pablo Eduardo","Est. tempo de leitura":"5 minutos"},"schema":{"@context":"https:\/\/schema.org","@graph":[{"@type":"Article","@id":"https:\/\/oficinaconectada.com.br\/dtc\/sem-categoria\/u056a\/#article","isPartOf":{"@id":"https:\/\/oficinaconectada.com.br\/dtc\/sem-categoria\/u056a\/"},"author":{"name":"Pablo Eduardo","@id":"https:\/\/oficinaconectada.com.br\/dtc\/#\/schema\/person\/b05379d5192b1bb9ea5fb9936b746b78"},"headline":"U056A SAE: Dados Inv\u00e1lidos do Sensor de Processamento de Imagem E","datePublished":"2026-04-09T12:57:52+00:00","mainEntityOfPage":{"@id":"https:\/\/oficinaconectada.com.br\/dtc\/sem-categoria\/u056a\/"},"wordCount":953,"commentCount":0,"publisher":{"@id":"https:\/\/oficinaconectada.com.br\/dtc\/#organization"},"keywords":["ADAS","B0002 SAE","c\u00f3digo OBD2","c\u00f3digo U056A SAE","Diagn\u00f3stico","mem\u00f3ria de calibra\u00e7\u00e3o","sensor de imagem","U056A"],"articleSection":["Diagn\u00f3stico Automotivo","Diagn\u00f3stico DTC","DTCs Geral","Sae (Norma)","Seguran\u00e7a Veicular"],"inLanguage":"pt-BR","potentialAction":[{"@type":"CommentAction","name":"Comment","target":["https:\/\/oficinaconectada.com.br\/dtc\/sem-categoria\/u056a\/#respond"]}]},{"@type":"WebPage","@id":"https:\/\/oficinaconectada.com.br\/dtc\/sem-categoria\/u056a\/","url":"https:\/\/oficinaconectada.com.br\/dtc\/sem-categoria\/u056a\/","name":"U056A SAE: Dados Inv\u00e1lidos do Sensor de Processamento de Imagem E - Oficina Conectada | DTC e C\u00f3digos de Falha","isPartOf":{"@id":"https:\/\/oficinaconectada.com.br\/dtc\/#website"},"datePublished":"2026-04-09T12:57:52+00:00","breadcrumb":{"@id":"https:\/\/oficinaconectada.com.br\/dtc\/sem-categoria\/u056a\/#breadcrumb"},"inLanguage":"pt-BR","potentialAction":[{"@type":"ReadAction","target":["https:\/\/oficinaconectada.com.br\/dtc\/sem-categoria\/u056a\/"]}]},{"@type":"BreadcrumbList","@id":"https:\/\/oficinaconectada.com.br\/dtc\/sem-categoria\/u056a\/#breadcrumb","itemListElement":[{"@type":"ListItem","position":1,"name":"Home","item":"https:\/\/oficinaconectada.com.br\/dtc\/"},{"@type":"ListItem","position":2,"name":"U056A SAE: Dados Inv\u00e1lidos do Sensor de Processamento de Imagem E"}]},{"@type":"WebSite","@id":"https:\/\/oficinaconectada.com.br\/dtc\/#website","url":"https:\/\/oficinaconectada.com.br\/dtc\/","name":"Oficina Conectada | C\u00f3digos de Falha DTC","description":"A Oficina Conectada \u00e9 o primeiro passo para o diagn\u00f3stico lucrativo. Consulte c\u00f3digos de falha DTC e OBD2 com causas, sintomas e solu\u00e7\u00f5es profissionais.","publisher":{"@id":"https:\/\/oficinaconectada.com.br\/dtc\/#organization"},"potentialAction":[{"@type":"SearchAction","target":{"@type":"EntryPoint","urlTemplate":"https:\/\/oficinaconectada.com.br\/dtc\/?s={search_term_string}"},"query-input":{"@type":"PropertyValueSpecification","valueRequired":true,"valueName":"search_term_string"}}],"inLanguage":"pt-BR"},{"@type":"Organization","@id":"https:\/\/oficinaconectada.com.br\/dtc\/#organization","name":"Oficina Conectada | C\u00f3digos de Falha DTC","url":"https:\/\/oficinaconectada.com.br\/dtc\/","logo":{"@type":"ImageObject","inLanguage":"pt-BR","@id":"https:\/\/oficinaconectada.com.br\/dtc\/#\/schema\/logo\/image\/","url":"https:\/\/oficinaconectada.com.br\/dtc\/wp-content\/uploads\/2026\/02\/OficinaConectadaDTC.png","contentUrl":"https:\/\/oficinaconectada.com.br\/dtc\/wp-content\/uploads\/2026\/02\/OficinaConectadaDTC.png","width":245,"height":100,"caption":"Oficina Conectada | C\u00f3digos de Falha DTC"},"image":{"@id":"https:\/\/oficinaconectada.com.br\/dtc\/#\/schema\/logo\/image\/"}},{"@type":"Person","@id":"https:\/\/oficinaconectada.com.br\/dtc\/#\/schema\/person\/b05379d5192b1bb9ea5fb9936b746b78","name":"Pablo Eduardo","image":{"@type":"ImageObject","inLanguage":"pt-BR","@id":"https:\/\/oficinaconectada.com.br\/dtc\/#\/schema\/person\/image\/","url":"https:\/\/secure.gravatar.com\/avatar\/36a476f36de7a3b4526c6c4d1c99c240610b4949b92294d4de2634b206fdbfc6?s=96&d=mm&r=g","contentUrl":"https:\/\/secure.gravatar.com\/avatar\/36a476f36de7a3b4526c6c4d1c99c240610b4949b92294d4de2634b206fdbfc6?s=96&d=mm&r=g","caption":"Pablo Eduardo"},"sameAs":["https:\/\/oficinaconectada.com.br\/dtc"],"url":"https:\/\/oficinaconectada.com.br\/dtc\/author\/pablo-eduardo\/"}]}},"yoast_title":"","yoast_metadesc":"","yoast_focus_keyword":"","yoast_readability":"","yoast_keyword_density":"","_links":{"self":[{"href":"https:\/\/oficinaconectada.com.br\/dtc\/wp-json\/wp\/v2\/posts\/13257","targetHints":{"allow":["GET"]}}],"collection":[{"href":"https:\/\/oficinaconectada.com.br\/dtc\/wp-json\/wp\/v2\/posts"}],"about":[{"href":"https:\/\/oficinaconectada.com.br\/dtc\/wp-json\/wp\/v2\/types\/post"}],"author":[{"embeddable":true,"href":"https:\/\/oficinaconectada.com.br\/dtc\/wp-json\/wp\/v2\/users\/1"}],"replies":[{"embeddable":true,"href":"https:\/\/oficinaconectada.com.br\/dtc\/wp-json\/wp\/v2\/comments?post=13257"}],"version-history":[{"count":0,"href":"https:\/\/oficinaconectada.com.br\/dtc\/wp-json\/wp\/v2\/posts\/13257\/revisions"}],"wp:attachment":[{"href":"https:\/\/oficinaconectada.com.br\/dtc\/wp-json\/wp\/v2\/media?parent=13257"}],"wp:term":[{"taxonomy":"category","embeddable":true,"href":"https:\/\/oficinaconectada.com.br\/dtc\/wp-json\/wp\/v2\/categories?post=13257"},{"taxonomy":"post_tag","embeddable":true,"href":"https:\/\/oficinaconectada.com.br\/dtc\/wp-json\/wp\/v2\/tags?post=13257"}],"curies":[{"name":"wp","href":"https:\/\/api.w.org\/{rel}","templated":true}]}}