{"id":13079,"date":"2026-04-09T05:51:31","date_gmt":"2026-04-09T08:51:31","guid":{"rendered":"https:\/\/oficinaconectada.com.br\/dtc\/sem-categoria\/p2598\/"},"modified":"2026-04-09T05:51:31","modified_gmt":"2026-04-09T08:51:31","slug":"p2598","status":"publish","type":"post","link":"https:\/\/oficinaconectada.com.br\/dtc\/diagnostico-dtc\/p2598\/","title":{"rendered":"P2598 SAE: Sensor Posi\u00e7\u00e3o Controle Turbo &#8220;A&#8221; Travado Baixo"},"content":{"rendered":"<h1>C\u00f3digo P2598: Diagn\u00f3stico do Sensor de Posi\u00e7\u00e3o do Controle do Turbo &#8220;A&#8221; Travado Baixo (SAE)<\/h1>\n<p>O <b>c\u00f3digo P2598<\/b> \u00e9 um padr\u00e3o <b>SAE<\/b> (Society of Automotive Engineers) que indica uma falha no sistema de controle de pressuriza\u00e7\u00e3o do turbo. Especificamente, ele aponta para o <b>sensor de posi\u00e7\u00e3o &#8220;A&#8221; do controle do turbo travado em uma posi\u00e7\u00e3o baixa<\/b>. Isso resulta em desempenho insatisf iciente do motor e pode afetar a efici\u00eancia de combust\u00edvel.<\/p>\n<h2>O que significa P2598?<\/h2>\n<p>O c\u00f3digo <b>P2598<\/b> \u00e9 gerado pela ECU (Unidade de Controle Eletr\u00f4nico) quando o seu sistema de monitoramento detecta que o sensor de posi\u00e7\u00e3o do atuador do turbo (normalmente um motor de passo ou solen\u00f3ide) n\u00e3o est\u00e1 operando dentro da faixa esperada. Um valor consistentemente baixo pode indicar um problema mec\u00e2nico no atuador, no pr\u00f3prio sensor, ou na fia\u00e7\u00e3o que os conecta.<\/p>\n<h2>Causas Comuns do P2598<\/h2>\n<ul>\n<li>Atuador do turbo emperrado em baixa press\u00e3o<\/li>\n<li>Sensor de posi\u00e7\u00e3o do atuador do turbo defeituoso<\/li>\n<li>Fia\u00e7\u00e3o danificada ou com mau contato entre o sensor e a ECU<\/li>\n<li>Problemas na v\u00e1lvula de controle de press\u00e3o do turbo (wastegate actuator)<\/li>\n<li>Contamina\u00e7\u00e3o no sistema de admiss\u00e3o que afeta o fluxo de ar<\/li>\n<li>Falha na pr\u00f3pria ECU em alguns casos raros<\/li>\n<\/ul>\n<h2>Como Diagnosticar P2598<\/h2>\n<p>O diagn\u00f3stico preciso do <b>c\u00f3digo P2598<\/b> requer ferramentas espec\u00edficas e conhecimento t\u00e9cnico:<\/p>\n<ol>\n<li>Conecte um scanner OBD2 profissional para ler o c\u00f3digo e verificar dados em tempo real (live data).<\/li>\n<li>Monitore a leitura do sensor de posi\u00e7\u00e3o do controle do turbo durante a acelera\u00e7\u00e3o e desacelera\u00e7\u00e3o. Verifique se o valor permanece consistentemente baixo.<\/li>\n<li>Inspecione fisicamente o atuador do turbo. Verifique se h\u00e1 movimento livre e se ele n\u00e3o est\u00e1 emperrado.<\/li>\n<li>Verifique a fia\u00e7\u00e3o e os conectores do sensor de posi\u00e7\u00e3o do turbo. Procure por sinais de corros\u00e3o, danos ou mau contato.<\/li>\n<li>Utilize um mult\u00edmetro para testar a continuidade e a voltagem do circuito do sensor, conforme especificado no diagrama el\u00e9trico do ve\u00edculo.<\/li>\n<li>Teste a v\u00e1lvula de controle de press\u00e3o (wastegate) para garantir seu correto funcionamento.<\/li>\n<\/ol>\n<h2>Diagrama El\u00e9trico e Teste de Circuito para P2598<\/h2>\n<p>Para diagnosticar o <b>c\u00f3digo P2598<\/b> de forma eficiente, \u00e9 essencial consultar o <b>diagrama el\u00e9trico no DIAGWEB<\/b>:<\/p>\n<ul>\n<li>No <b>DIAGWEB<\/b>, procure pelo diagrama espec\u00edfico do sistema de controle do turbo para o modelo e ano do ve\u00edculo em quest\u00e3o.<\/li>\n<li>Identifique o <b>circuito do sensor de posi\u00e7\u00e3o do atuador do turbo<\/b>. O diagrama indicar\u00e1 os pinos de conex\u00e3o na ECU e no pr\u00f3prio sensor.<\/li>\n<li>Verifique a <b>continuidade da fia\u00e7\u00e3o<\/b> entre os componentes usando um mult\u00edmetro. Um circuito aberto ou em curto impedir\u00e1 a comunica\u00e7\u00e3o correta.<\/li>\n<li>Teste a <b>tens\u00e3o de alimenta\u00e7\u00e3o e o sinal de retorno<\/b> do sensor. Geralmente, sensores de posi\u00e7\u00e3o operam com uma faixa de voltagem (por exemplo, 0-5V) que varia conforme a posi\u00e7\u00e3o do atuador. Consulte o DIAGWEB para os valores esperados.<\/li>\n<li>Procure por <b>corros\u00e3o nos conectores<\/b> do sensor e da ECU, que \u00e9 uma causa comum de falhas intermitentes ou permanentes.<\/li>\n<li>Inspecione os fus\u00edveis e rel\u00e9s associados ao sistema de controle do turbo, conforme indicado no diagrama el\u00e9trico.<\/li>\n<\/ul>\n<p>O <b>DIAGWEB<\/b> fornece a localiza\u00e7\u00e3o exata dos pinos e as especifica\u00e7\u00f5es de teste, sendo indispens\u00e1vel para evitar diagn\u00f3sticos err\u00f4neos.<\/p>\n<h2>Sintomas do P2598<\/h2>\n<p>Os sintomas mais comuns associados ao <b>c\u00f3digo P2598<\/b> incluem:<\/p>\n<ul>\n<li>Perda de pot\u00eancia do motor<\/li>\n<li>Acelera\u00e7\u00e3o lenta ou fraca<\/li>\n<li>Aumento do consumo de combust\u00edvel<\/li>\n<li>Luz de advert\u00eancia do motor (Check Engine) acesa no painel<\/li>\n<li>Ru\u00eddos incomuns vindos do compartimento do motor (asso bio, chiado)<\/li>\n<li>Dificuldade em atingir velocidades mais altas<\/li>\n<\/ul>\n<h2>P2598 e o Desempenho do Turbo<\/h2>\n<p>O sistema de controle do turbo \u00e9 respons\u00e1vel por otimizar a pressuriza\u00e7\u00e3o dos cilindros para melhorar o desempenho e a efici\u00eancia do motor. Quando o <b>sensor de posi\u00e7\u00e3o &#8220;A&#8221; do controle do turbo est\u00e1 travado baixo<\/b>, a ECU interpreta que o turbo est\u00e1 operando com pouca press\u00e3o, mesmo que o turbo esteja fisicamente tentando gerar mais. Isso pode levar a:<\/p>\n<ul>\n<li><b>Sobrealimenta\u00e7\u00e3o insuficiente<\/b>: O motor n\u00e3o recebe a quantidade de ar comprimido necess\u00e1ria para uma combust\u00e3o ideal.<\/li>\n<li><b>Comportamento err\u00e1tico do turbo<\/b>: A ECU pode tentar compensar, resultando em flutua\u00e7\u00f5es na press\u00e3o do turbo.<\/li>\n<li><b>Modo de seguran\u00e7a (Limp Mode)<\/b>: Em alguns casos, a ECU pode limitar severamente a pot\u00eancia do motor para evitar danos.<\/li>\n<\/ul>\n<h2>Resolu\u00e7\u00e3o do C\u00f3digo P2598<\/h2>\n<p>Ap\u00f3s identificar a causa raiz, a repara\u00e7\u00e3o pode envolver:<\/p>\n<ul>\n<li>Substitui\u00e7\u00e3o do sensor de posi\u00e7\u00e3o do atuador do turbo.<\/li>\n<li>Reparo ou substitui\u00e7\u00e3o do atuador do turbo se estiver emperrado.<\/li>\n<li>Reparo ou substitui\u00e7\u00e3o da fia\u00e7\u00e3o danificada.<\/li>\n<li>Limpeza ou substitui\u00e7\u00e3o da v\u00e1lvula de controle de press\u00e3o (wastegate).<\/li>\n<li>Em casos raros, a ECU pode precisar ser diagnosticada ou reprogramada.<\/li>\n<\/ul>\n<p>A confirma\u00e7\u00e3o do reparo \u00e9 feita atrav\u00e9s da elimina\u00e7\u00e3o do c\u00f3digo de falha e de um teste de rodagem, garantindo que o problema n\u00e3o retorne.<\/p>\n","protected":false},"excerpt":{"rendered":"O c\u00f3digo P2598 indica que o sensor de posi\u00e7\u00e3o &#8220;A&#8221; do controle de pressuriza\u00e7\u00e3o do turbo est\u00e1 travado em uma posi\u00e7\u00e3o baixa. Isso afeta o desempenho do motor e a efici\u00eancia do turbo.","protected":false},"author":1,"featured_media":0,"comment_status":"open","ping_status":"open","sticky":false,"template":"","format":"standard","meta":{"csco_display_header_overlay":false,"csco_singular_sidebar":"","csco_page_header_type":"","csco_page_load_nextpost":"","csco_page_reading_time":"","csco_page_toc_navigation":"","csco_post_video_location":[],"csco_post_video_location_hash":"","csco_post_video_url":"","csco_post_video_bg_start_time":0,"csco_post_video_bg_end_time":0,"csco_post_video_bg_volume":false,"footnotes":""},"categories":[13,26037,33,25668,5207],"tags":[25089,25670,20074,26157,16,27913,27914,7808],"class_list":{"0":"post-13079","1":"post","2":"type-post","3":"status-publish","4":"format-standard","6":"category-diagnostico-dtc","7":"category-diagnostico-sae","8":"category-dtcs-powertrain","9":"category-sae-norma","10":"category-turbocharger","11":"tag-00169-chevrolet-sensor-temperatura-externa","12":"tag-b0002-sae","13":"tag-codigo-obd2","14":"tag-controle-turbo","15":"tag-diagnostico","16":"tag-p2598","17":"tag-p2598-sae","18":"tag-turbocharger","19":"cs-entry","20":"cs-video-wrap"},"yoast_head":"<!-- This site is optimized with the Yoast SEO plugin v27.0 - https:\/\/yoast.com\/product\/yoast-seo-wordpress\/ -->\r\n<title>P2598 SAE: Sensor Posi\u00e7\u00e3o Controle Turbo &quot;A&quot; Travado Baixo - Oficina Conectada | DTC e C\u00f3digos de Falha<\/title>\r\n<meta name=\"robots\" content=\"index, follow, max-snippet:-1, max-image-preview:large, max-video-preview:-1\" \/>\r\n<link rel=\"canonical\" href=\"https:\/\/oficinaconectada.com.br\/dtc\/sem-categoria\/p2598\/\" \/>\r\n<meta property=\"og:locale\" content=\"pt_BR\" \/>\r\n<meta property=\"og:type\" content=\"article\" \/>\r\n<meta property=\"og:title\" content=\"P2598 SAE: Sensor Posi\u00e7\u00e3o Controle Turbo &quot;A&quot; Travado Baixo - Oficina Conectada | DTC e C\u00f3digos de Falha\" \/>\r\n<meta property=\"og:description\" content=\"O c\u00f3digo P2598 indica que o sensor de posi\u00e7\u00e3o &quot;A&quot; do controle de pressuriza\u00e7\u00e3o do turbo est\u00e1 travado em uma posi\u00e7\u00e3o baixa. Isso afeta o desempenho do motor e a efici\u00eancia do turbo.\" \/>\r\n<meta property=\"og:url\" content=\"https:\/\/oficinaconectada.com.br\/dtc\/sem-categoria\/p2598\/\" \/>\r\n<meta property=\"og:site_name\" content=\"Oficina Conectada | DTC e C\u00f3digos de Falha\" \/>\r\n<meta property=\"article:published_time\" content=\"2026-04-09T08:51:31+00:00\" \/>\r\n<meta name=\"author\" content=\"Pablo Eduardo\" \/>\r\n<meta name=\"twitter:card\" content=\"summary_large_image\" \/>\r\n<meta name=\"twitter:label1\" content=\"Escrito por\" \/>\n\t<meta name=\"twitter:data1\" content=\"Pablo Eduardo\" \/>\n\t<meta name=\"twitter:label2\" content=\"Est. tempo de leitura\" \/>\n\t<meta name=\"twitter:data2\" content=\"4 minutos\" \/>\r\n<script type=\"application\/ld+json\" class=\"yoast-schema-graph\">{\"@context\":\"https:\/\/schema.org\",\"@graph\":[{\"@type\":\"Article\",\"@id\":\"https:\/\/oficinaconectada.com.br\/dtc\/sem-categoria\/p2598\/#article\",\"isPartOf\":{\"@id\":\"https:\/\/oficinaconectada.com.br\/dtc\/sem-categoria\/p2598\/\"},\"author\":{\"name\":\"Pablo Eduardo\",\"@id\":\"https:\/\/oficinaconectada.com.br\/dtc\/#\/schema\/person\/b05379d5192b1bb9ea5fb9936b746b78\"},\"headline\":\"P2598 SAE: Sensor Posi\u00e7\u00e3o Controle Turbo &#8220;A&#8221; Travado Baixo\",\"datePublished\":\"2026-04-09T08:51:31+00:00\",\"mainEntityOfPage\":{\"@id\":\"https:\/\/oficinaconectada.com.br\/dtc\/sem-categoria\/p2598\/\"},\"wordCount\":873,\"commentCount\":0,\"publisher\":{\"@id\":\"https:\/\/oficinaconectada.com.br\/dtc\/#organization\"},\"keywords\":[\"00169 Chevrolet sensor temperatura externa\",\"B0002 SAE\",\"c\u00f3digo OBD2\",\"controle turbo\",\"Diagn\u00f3stico\",\"P2598\",\"P2598 SAE\",\"turbocharger\"],\"articleSection\":[\"Diagn\u00f3stico DTC\",\"Diagn\u00f3stico SAE\",\"DTCs Powertrain\",\"Sae (Norma)\",\"Turbocharger\"],\"inLanguage\":\"pt-BR\",\"potentialAction\":[{\"@type\":\"CommentAction\",\"name\":\"Comment\",\"target\":[\"https:\/\/oficinaconectada.com.br\/dtc\/sem-categoria\/p2598\/#respond\"]}]},{\"@type\":\"WebPage\",\"@id\":\"https:\/\/oficinaconectada.com.br\/dtc\/sem-categoria\/p2598\/\",\"url\":\"https:\/\/oficinaconectada.com.br\/dtc\/sem-categoria\/p2598\/\",\"name\":\"P2598 SAE: Sensor Posi\u00e7\u00e3o Controle Turbo \\\"A\\\" Travado Baixo - Oficina Conectada | DTC e C\u00f3digos de Falha\",\"isPartOf\":{\"@id\":\"https:\/\/oficinaconectada.com.br\/dtc\/#website\"},\"datePublished\":\"2026-04-09T08:51:31+00:00\",\"breadcrumb\":{\"@id\":\"https:\/\/oficinaconectada.com.br\/dtc\/sem-categoria\/p2598\/#breadcrumb\"},\"inLanguage\":\"pt-BR\",\"potentialAction\":[{\"@type\":\"ReadAction\",\"target\":[\"https:\/\/oficinaconectada.com.br\/dtc\/sem-categoria\/p2598\/\"]}]},{\"@type\":\"BreadcrumbList\",\"@id\":\"https:\/\/oficinaconectada.com.br\/dtc\/sem-categoria\/p2598\/#breadcrumb\",\"itemListElement\":[{\"@type\":\"ListItem\",\"position\":1,\"name\":\"Home\",\"item\":\"https:\/\/oficinaconectada.com.br\/dtc\/\"},{\"@type\":\"ListItem\",\"position\":2,\"name\":\"P2598 SAE: Sensor Posi\u00e7\u00e3o Controle Turbo &#8220;A&#8221; Travado Baixo\"}]},{\"@type\":\"WebSite\",\"@id\":\"https:\/\/oficinaconectada.com.br\/dtc\/#website\",\"url\":\"https:\/\/oficinaconectada.com.br\/dtc\/\",\"name\":\"Oficina Conectada | C\u00f3digos de Falha DTC\",\"description\":\"A Oficina Conectada \u00e9 o primeiro passo para o diagn\u00f3stico lucrativo. Consulte c\u00f3digos de falha DTC e OBD2 com causas, sintomas e solu\u00e7\u00f5es profissionais.\",\"publisher\":{\"@id\":\"https:\/\/oficinaconectada.com.br\/dtc\/#organization\"},\"potentialAction\":[{\"@type\":\"SearchAction\",\"target\":{\"@type\":\"EntryPoint\",\"urlTemplate\":\"https:\/\/oficinaconectada.com.br\/dtc\/?s={search_term_string}\"},\"query-input\":{\"@type\":\"PropertyValueSpecification\",\"valueRequired\":true,\"valueName\":\"search_term_string\"}}],\"inLanguage\":\"pt-BR\"},{\"@type\":\"Organization\",\"@id\":\"https:\/\/oficinaconectada.com.br\/dtc\/#organization\",\"name\":\"Oficina Conectada | C\u00f3digos de Falha DTC\",\"url\":\"https:\/\/oficinaconectada.com.br\/dtc\/\",\"logo\":{\"@type\":\"ImageObject\",\"inLanguage\":\"pt-BR\",\"@id\":\"https:\/\/oficinaconectada.com.br\/dtc\/#\/schema\/logo\/image\/\",\"url\":\"https:\/\/oficinaconectada.com.br\/dtc\/wp-content\/uploads\/2026\/02\/OficinaConectadaDTC.png\",\"contentUrl\":\"https:\/\/oficinaconectada.com.br\/dtc\/wp-content\/uploads\/2026\/02\/OficinaConectadaDTC.png\",\"width\":245,\"height\":100,\"caption\":\"Oficina Conectada | C\u00f3digos de Falha DTC\"},\"image\":{\"@id\":\"https:\/\/oficinaconectada.com.br\/dtc\/#\/schema\/logo\/image\/\"}},{\"@type\":\"Person\",\"@id\":\"https:\/\/oficinaconectada.com.br\/dtc\/#\/schema\/person\/b05379d5192b1bb9ea5fb9936b746b78\",\"name\":\"Pablo Eduardo\",\"image\":{\"@type\":\"ImageObject\",\"inLanguage\":\"pt-BR\",\"@id\":\"https:\/\/oficinaconectada.com.br\/dtc\/#\/schema\/person\/image\/\",\"url\":\"https:\/\/secure.gravatar.com\/avatar\/36a476f36de7a3b4526c6c4d1c99c240610b4949b92294d4de2634b206fdbfc6?s=96&d=mm&r=g\",\"contentUrl\":\"https:\/\/secure.gravatar.com\/avatar\/36a476f36de7a3b4526c6c4d1c99c240610b4949b92294d4de2634b206fdbfc6?s=96&d=mm&r=g\",\"caption\":\"Pablo Eduardo\"},\"sameAs\":[\"https:\/\/oficinaconectada.com.br\/dtc\"],\"url\":\"https:\/\/oficinaconectada.com.br\/dtc\/author\/pablo-eduardo\/\"}]}<\/script>\r\n<!-- \/ Yoast SEO plugin. -->","yoast_head_json":{"title":"P2598 SAE: Sensor Posi\u00e7\u00e3o Controle Turbo \"A\" Travado Baixo - Oficina Conectada | DTC e C\u00f3digos de Falha","robots":{"index":"index","follow":"follow","max-snippet":"max-snippet:-1","max-image-preview":"max-image-preview:large","max-video-preview":"max-video-preview:-1"},"canonical":"https:\/\/oficinaconectada.com.br\/dtc\/sem-categoria\/p2598\/","og_locale":"pt_BR","og_type":"article","og_title":"P2598 SAE: Sensor Posi\u00e7\u00e3o Controle Turbo \"A\" Travado Baixo - Oficina Conectada | DTC e C\u00f3digos de Falha","og_description":"O c\u00f3digo P2598 indica que o sensor de posi\u00e7\u00e3o \"A\" do controle de pressuriza\u00e7\u00e3o do turbo est\u00e1 travado em uma posi\u00e7\u00e3o baixa. Isso afeta o desempenho do motor e a efici\u00eancia do turbo.","og_url":"https:\/\/oficinaconectada.com.br\/dtc\/sem-categoria\/p2598\/","og_site_name":"Oficina Conectada | DTC e C\u00f3digos de Falha","article_published_time":"2026-04-09T08:51:31+00:00","author":"Pablo Eduardo","twitter_card":"summary_large_image","twitter_misc":{"Escrito por":"Pablo Eduardo","Est. tempo de leitura":"4 minutos"},"schema":{"@context":"https:\/\/schema.org","@graph":[{"@type":"Article","@id":"https:\/\/oficinaconectada.com.br\/dtc\/sem-categoria\/p2598\/#article","isPartOf":{"@id":"https:\/\/oficinaconectada.com.br\/dtc\/sem-categoria\/p2598\/"},"author":{"name":"Pablo Eduardo","@id":"https:\/\/oficinaconectada.com.br\/dtc\/#\/schema\/person\/b05379d5192b1bb9ea5fb9936b746b78"},"headline":"P2598 SAE: Sensor Posi\u00e7\u00e3o Controle Turbo &#8220;A&#8221; Travado Baixo","datePublished":"2026-04-09T08:51:31+00:00","mainEntityOfPage":{"@id":"https:\/\/oficinaconectada.com.br\/dtc\/sem-categoria\/p2598\/"},"wordCount":873,"commentCount":0,"publisher":{"@id":"https:\/\/oficinaconectada.com.br\/dtc\/#organization"},"keywords":["00169 Chevrolet sensor temperatura externa","B0002 SAE","c\u00f3digo OBD2","controle turbo","Diagn\u00f3stico","P2598","P2598 SAE","turbocharger"],"articleSection":["Diagn\u00f3stico DTC","Diagn\u00f3stico SAE","DTCs Powertrain","Sae (Norma)","Turbocharger"],"inLanguage":"pt-BR","potentialAction":[{"@type":"CommentAction","name":"Comment","target":["https:\/\/oficinaconectada.com.br\/dtc\/sem-categoria\/p2598\/#respond"]}]},{"@type":"WebPage","@id":"https:\/\/oficinaconectada.com.br\/dtc\/sem-categoria\/p2598\/","url":"https:\/\/oficinaconectada.com.br\/dtc\/sem-categoria\/p2598\/","name":"P2598 SAE: Sensor Posi\u00e7\u00e3o Controle Turbo \"A\" Travado Baixo - Oficina Conectada | DTC e C\u00f3digos de Falha","isPartOf":{"@id":"https:\/\/oficinaconectada.com.br\/dtc\/#website"},"datePublished":"2026-04-09T08:51:31+00:00","breadcrumb":{"@id":"https:\/\/oficinaconectada.com.br\/dtc\/sem-categoria\/p2598\/#breadcrumb"},"inLanguage":"pt-BR","potentialAction":[{"@type":"ReadAction","target":["https:\/\/oficinaconectada.com.br\/dtc\/sem-categoria\/p2598\/"]}]},{"@type":"BreadcrumbList","@id":"https:\/\/oficinaconectada.com.br\/dtc\/sem-categoria\/p2598\/#breadcrumb","itemListElement":[{"@type":"ListItem","position":1,"name":"Home","item":"https:\/\/oficinaconectada.com.br\/dtc\/"},{"@type":"ListItem","position":2,"name":"P2598 SAE: Sensor Posi\u00e7\u00e3o Controle Turbo &#8220;A&#8221; Travado Baixo"}]},{"@type":"WebSite","@id":"https:\/\/oficinaconectada.com.br\/dtc\/#website","url":"https:\/\/oficinaconectada.com.br\/dtc\/","name":"Oficina Conectada | C\u00f3digos de Falha DTC","description":"A Oficina Conectada \u00e9 o primeiro passo para o diagn\u00f3stico lucrativo. Consulte c\u00f3digos de falha DTC e OBD2 com causas, sintomas e solu\u00e7\u00f5es profissionais.","publisher":{"@id":"https:\/\/oficinaconectada.com.br\/dtc\/#organization"},"potentialAction":[{"@type":"SearchAction","target":{"@type":"EntryPoint","urlTemplate":"https:\/\/oficinaconectada.com.br\/dtc\/?s={search_term_string}"},"query-input":{"@type":"PropertyValueSpecification","valueRequired":true,"valueName":"search_term_string"}}],"inLanguage":"pt-BR"},{"@type":"Organization","@id":"https:\/\/oficinaconectada.com.br\/dtc\/#organization","name":"Oficina Conectada | C\u00f3digos de Falha DTC","url":"https:\/\/oficinaconectada.com.br\/dtc\/","logo":{"@type":"ImageObject","inLanguage":"pt-BR","@id":"https:\/\/oficinaconectada.com.br\/dtc\/#\/schema\/logo\/image\/","url":"https:\/\/oficinaconectada.com.br\/dtc\/wp-content\/uploads\/2026\/02\/OficinaConectadaDTC.png","contentUrl":"https:\/\/oficinaconectada.com.br\/dtc\/wp-content\/uploads\/2026\/02\/OficinaConectadaDTC.png","width":245,"height":100,"caption":"Oficina Conectada | C\u00f3digos de Falha DTC"},"image":{"@id":"https:\/\/oficinaconectada.com.br\/dtc\/#\/schema\/logo\/image\/"}},{"@type":"Person","@id":"https:\/\/oficinaconectada.com.br\/dtc\/#\/schema\/person\/b05379d5192b1bb9ea5fb9936b746b78","name":"Pablo Eduardo","image":{"@type":"ImageObject","inLanguage":"pt-BR","@id":"https:\/\/oficinaconectada.com.br\/dtc\/#\/schema\/person\/image\/","url":"https:\/\/secure.gravatar.com\/avatar\/36a476f36de7a3b4526c6c4d1c99c240610b4949b92294d4de2634b206fdbfc6?s=96&d=mm&r=g","contentUrl":"https:\/\/secure.gravatar.com\/avatar\/36a476f36de7a3b4526c6c4d1c99c240610b4949b92294d4de2634b206fdbfc6?s=96&d=mm&r=g","caption":"Pablo Eduardo"},"sameAs":["https:\/\/oficinaconectada.com.br\/dtc"],"url":"https:\/\/oficinaconectada.com.br\/dtc\/author\/pablo-eduardo\/"}]}},"yoast_title":"","yoast_metadesc":"","yoast_focus_keyword":"","yoast_readability":"","yoast_keyword_density":"","_links":{"self":[{"href":"https:\/\/oficinaconectada.com.br\/dtc\/wp-json\/wp\/v2\/posts\/13079","targetHints":{"allow":["GET"]}}],"collection":[{"href":"https:\/\/oficinaconectada.com.br\/dtc\/wp-json\/wp\/v2\/posts"}],"about":[{"href":"https:\/\/oficinaconectada.com.br\/dtc\/wp-json\/wp\/v2\/types\/post"}],"author":[{"embeddable":true,"href":"https:\/\/oficinaconectada.com.br\/dtc\/wp-json\/wp\/v2\/users\/1"}],"replies":[{"embeddable":true,"href":"https:\/\/oficinaconectada.com.br\/dtc\/wp-json\/wp\/v2\/comments?post=13079"}],"version-history":[{"count":0,"href":"https:\/\/oficinaconectada.com.br\/dtc\/wp-json\/wp\/v2\/posts\/13079\/revisions"}],"wp:attachment":[{"href":"https:\/\/oficinaconectada.com.br\/dtc\/wp-json\/wp\/v2\/media?parent=13079"}],"wp:term":[{"taxonomy":"category","embeddable":true,"href":"https:\/\/oficinaconectada.com.br\/dtc\/wp-json\/wp\/v2\/categories?post=13079"},{"taxonomy":"post_tag","embeddable":true,"href":"https:\/\/oficinaconectada.com.br\/dtc\/wp-json\/wp\/v2\/tags?post=13079"}],"curies":[{"name":"wp","href":"https:\/\/api.w.org\/{rel}","templated":true}]}}