{"id":13072,"date":"2026-04-09T05:39:56","date_gmt":"2026-04-09T08:39:56","guid":{"rendered":"https:\/\/oficinaconectada.com.br\/dtc\/sem-categoria\/p255f\/"},"modified":"2026-04-09T05:39:56","modified_gmt":"2026-04-09T08:39:56","slug":"p255f","status":"publish","type":"post","link":"https:\/\/oficinaconectada.com.br\/dtc\/diagnostico-dtc\/p255f\/","title":{"rendered":"P255F SAE: Circuito Solicita\u00e7\u00e3o A\/C Fora do Padr\u00e3o"},"content":{"rendered":"<h1>C\u00f3digo P255F: Diagn\u00f3stico do Circuito de Solicita\u00e7\u00e3o do Ar Condicionado (Norma SAE)<\/h1>\n<p>O <b>c\u00f3digo P255F<\/b>, de acordo com a norma SAE (Society of Automotive Engineers), refere-se a uma condi\u00e7\u00e3o de &#8216;A\/C Request &#8220;A&#8221; Circuit Range\/Performance&#8217;. Este c\u00f3digo indica que o m\u00f3dulo de controle do motor (ECM) detectou uma inconsist\u00eancia ou performance inadequada no circuito respons\u00e1vel por enviar o sinal de solicita\u00e7\u00e3o de funcionamento do sistema de ar condicionado (A\/C).<\/p>\n<h2>O que significa P255F?<\/h2>\n<p>O <b>c\u00f3digo P255F<\/b> aponta para um problema no sinal el\u00e9trico que comunica \u00e0 ECU a necessidade de ativar o compressor do ar condicionado. Este sinal pode ser enviado por um interruptor (bot\u00e3o do painel) ou por um m\u00f3dulo de controle clim\u00e1tico. Quando o ECM n\u00e3o recebe o sinal esperado, ou o sinal est\u00e1 fora da faixa de opera\u00e7\u00e3o definida (range\/performance), o c\u00f3digo \u00e9 registrado.<\/p>\n<h2>Causas Comuns do P255F<\/h2>\n<p>Diversos fatores podem levar ao surgimento do P255F:<\/p>\n<ul>\n<li>Interruptor do A\/C defeituoso (bot\u00e3o A\/C no painel)<\/li>\n<li>Fia\u00e7\u00e3o ou conectores danificados no circuito de solicita\u00e7\u00e3o do A\/C<\/li>\n<li>Problemas no m\u00f3dulo de controle clim\u00e1tico (se aplic\u00e1vel)<\/li>\n<li>Curto-circuito ou circuito aberto na linha de sinal<\/li>\n<li>Tens\u00e3o incorreta no circuito de sinal<\/li>\n<li>Falha no ECM que interpreta mal o sinal<\/li>\n<\/ul>\n<h2>Como Diagnosticar P255F<\/h2>\n<p>O diagn\u00f3stico do <b>c\u00f3digo P255F<\/b> envolve uma an\u00e1lise t\u00e9cnica do circuito el\u00e9trico:<\/p>\n<ol>\n<li>Conectar um <b>scanner OBD2<\/b> para verificar o c\u00f3digo e dados em tempo real (live data).<\/li>\n<li>Identificar o componente respons\u00e1vel por enviar o sinal de A\/C request (geralmente um interruptor de baixa press\u00e3o ou um bot\u00e3o no painel).<\/li>\n<li>Inspecionar visualmente a fia\u00e7\u00e3o e conectores associados a este componente, procurando por corros\u00e3o, oxida\u00e7\u00e3o ou danos f\u00edsicos.<\/li>\n<li>Utilizar um <b>mult\u00edmetro digital<\/b> para testar a continuidade e a resist\u00eancia da fia\u00e7\u00e3o.<\/li>\n<li>Verificar a tens\u00e3o de alimenta\u00e7\u00e3o do interruptor ou sensor.<\/li>\n<li>Testar a atua\u00e7\u00e3o do interruptor ou sensor, simulando o acionamento do A\/C e medindo a resposta do sinal.<\/li>\n<li>Consultar o diagrama el\u00e9trico espec\u00edfico do ve\u00edculo para identificar pinos na ECU e os valores de refer\u00eancia.<\/li>\n<\/ol>\n<h2>Diagrama El\u00e9trico e Teste de Circuito<\/h2>\n<p>A consulta ao <b>diagrama el\u00e9trico no DIAGWEB<\/b> \u00e9 fundamental para um diagn\u00f3stico preciso do P255F. Procure por:<\/p>\n<ul>\n<li><b>DIAGWEB:<\/b> Selecione [Montadora] [Ano\/Modelo] e navegue at\u00e9 o sistema de Ar Condicionado ou Controle Clim\u00e1tico.<\/li>\n<li>Identifique o <b>circuito do interruptor de solicita\u00e7\u00e3o do A\/C<\/b>.<\/li>\n<li>Verifique os pinos de alimenta\u00e7\u00e3o, terra e sinal do interruptor na ECU.<\/li>\n<li><b>Teste de Tens\u00e3o:<\/b> Com o mult\u00edmetro, me\u00e7a a tens\u00e3o no pino de sinal do interruptor, tanto com o A\/C desligado quanto acionado. O valor esperado varia conforme o sistema (pode ser 0V, 5V ou 12V).<\/li>\n<li><b>Teste de Continuidade:<\/b> Verifique se h\u00e1 continuidade entre o interruptor e os pinos correspondentes na ECU.<\/li>\n<li>Procure por <b>fios soltos, aterramento deficiente ou conectores corro\u00eddos<\/b>. A falha em um desses pontos pode gerar o P255F.<\/li>\n<\/ul>\n<p>Sem o diagrama el\u00e9trico, o diagn\u00f3stico se torna incerto e propenso a erros, aumentando o tempo e o custo da repara\u00e7\u00e3o.<\/p>\n<h2>P255F e o Sistema de Ar Condicionado<\/h2>\n<p>O <b>circuito de solicita\u00e7\u00e3o do A\/C<\/b> \u00e9 um elo cr\u00edtico. Ele informa ao ECM que o condutor deseja utilizar o ar condicionado. O ECM, ao receber esse sinal, gerencia outros componentes, como o acionamento do compressor, controle de ventoinhas e, em alguns casos, ajuste do ralenti do motor para compensar a carga adicional.<\/p>\n<h2>Poss\u00edveis Efeitos do P255F<\/h2>\n<p>Com o <b>c\u00f3digo P255F ativo<\/b>, o sistema de ar condicionado pode apresentar os seguintes comportamentos:<\/p>\n<ul>\n<li>O ar condicionado n\u00e3o liga (compressor n\u00e3o aciona).<\/li>\n<li>O sistema de A\/C liga e desliga intermitentemente.<\/li>\n<li>A ECU pode desativar o A\/C como medida de prote\u00e7\u00e3o.<\/li>\n<li>Em alguns casos, o ralenti do motor pode ficar inst\u00e1vel quando o A\/C \u00e9 acionado.<\/li>\n<\/ul>\n<h2>Outros C\u00f3digos Relacionados<\/h2>\n<p>Dependendo do ve\u00edculo e da natureza da falha, o P255F pode aparecer junto com outros c\u00f3digos relacionados ao sistema de ar condicionado ou gerenciamento do motor, como:<\/p>\n<ul>\n<li>C\u00f3digos relacionados a sensores de press\u00e3o do A\/C (ex: P0530-P0534).<\/li>\n<li>C\u00f3digos de falha de comunica\u00e7\u00e3o entre m\u00f3dulos.<\/li>\n<li>C\u00f3digos que indicam a desativa\u00e7\u00e3o do A\/C pelo ECM.<\/li>\n<\/ul>\n","protected":false},"excerpt":{"rendered":"O P255F (A\/C Request Circuit Range\/Performance) indica um problema no circuito que envia a solicita\u00e7\u00e3o de acionamento do ar condicionado para a ECU. Isso pode afetar o funcionamento do sistema.","protected":false},"author":1,"featured_media":0,"comment_status":"open","ping_status":"open","sticky":false,"template":"","format":"standard","meta":{"csco_display_header_overlay":false,"csco_singular_sidebar":"","csco_page_header_type":"","csco_page_load_nextpost":"","csco_page_reading_time":"","csco_page_toc_navigation":"","csco_post_video_location":[],"csco_post_video_location_hash":"","csco_post_video_url":"","csco_post_video_bg_start_time":0,"csco_post_video_bg_end_time":0,"csco_post_video_bg_volume":false,"footnotes":""},"categories":[13,26486,25668,3505],"tags":[151,25670,9078,20074,27900,16,27899],"class_list":{"0":"post-13072","1":"post","2":"type-post","3":"status-publish","4":"format-standard","6":"category-diagnostico-dtc","7":"category-dtcs-geral","8":"category-sae-norma","9":"category-sistema-de-climatizacao","10":"tag-ar-condicionado","11":"tag-b0002-sae","12":"tag-b1568-ford-circuito-farol-alto","13":"tag-codigo-obd2","14":"tag-codigo-p255f-sae","15":"tag-diagnostico","16":"tag-p255f","17":"cs-entry","18":"cs-video-wrap"},"yoast_head":"<!-- This site is optimized with the Yoast SEO plugin v27.0 - https:\/\/yoast.com\/product\/yoast-seo-wordpress\/ -->\r\n<title>P255F SAE: Circuito Solicita\u00e7\u00e3o A\/C Fora do Padr\u00e3o - Oficina Conectada | DTC e C\u00f3digos de Falha<\/title>\r\n<meta name=\"robots\" content=\"index, follow, max-snippet:-1, max-image-preview:large, max-video-preview:-1\" \/>\r\n<link rel=\"canonical\" href=\"https:\/\/oficinaconectada.com.br\/dtc\/sem-categoria\/p255f\/\" \/>\r\n<meta property=\"og:locale\" content=\"pt_BR\" \/>\r\n<meta property=\"og:type\" content=\"article\" \/>\r\n<meta property=\"og:title\" content=\"P255F SAE: Circuito Solicita\u00e7\u00e3o A\/C Fora do Padr\u00e3o - Oficina Conectada | DTC e C\u00f3digos de Falha\" \/>\r\n<meta property=\"og:description\" content=\"O P255F (A\/C Request Circuit Range\/Performance) indica um problema no circuito que envia a solicita\u00e7\u00e3o de acionamento do ar condicionado para a ECU. Isso pode afetar o funcionamento do sistema.\" \/>\r\n<meta property=\"og:url\" content=\"https:\/\/oficinaconectada.com.br\/dtc\/sem-categoria\/p255f\/\" \/>\r\n<meta property=\"og:site_name\" content=\"Oficina Conectada | DTC e C\u00f3digos de Falha\" \/>\r\n<meta property=\"article:published_time\" content=\"2026-04-09T08:39:56+00:00\" \/>\r\n<meta name=\"author\" content=\"Pablo Eduardo\" \/>\r\n<meta name=\"twitter:card\" content=\"summary_large_image\" \/>\r\n<meta name=\"twitter:label1\" content=\"Escrito por\" \/>\n\t<meta name=\"twitter:data1\" content=\"Pablo Eduardo\" \/>\n\t<meta name=\"twitter:label2\" content=\"Est. tempo de leitura\" \/>\n\t<meta name=\"twitter:data2\" content=\"4 minutos\" \/>\r\n<script type=\"application\/ld+json\" class=\"yoast-schema-graph\">{\"@context\":\"https:\/\/schema.org\",\"@graph\":[{\"@type\":\"Article\",\"@id\":\"https:\/\/oficinaconectada.com.br\/dtc\/sem-categoria\/p255f\/#article\",\"isPartOf\":{\"@id\":\"https:\/\/oficinaconectada.com.br\/dtc\/sem-categoria\/p255f\/\"},\"author\":{\"name\":\"Pablo Eduardo\",\"@id\":\"https:\/\/oficinaconectada.com.br\/dtc\/#\/schema\/person\/b05379d5192b1bb9ea5fb9936b746b78\"},\"headline\":\"P255F SAE: Circuito Solicita\u00e7\u00e3o A\/C Fora do Padr\u00e3o\",\"datePublished\":\"2026-04-09T08:39:56+00:00\",\"mainEntityOfPage\":{\"@id\":\"https:\/\/oficinaconectada.com.br\/dtc\/sem-categoria\/p255f\/\"},\"wordCount\":769,\"commentCount\":0,\"publisher\":{\"@id\":\"https:\/\/oficinaconectada.com.br\/dtc\/#organization\"},\"keywords\":[\"ar condicionado\",\"B0002 SAE\",\"B1568 Ford circuito farol alto\",\"c\u00f3digo OBD2\",\"c\u00f3digo P255F SAE\",\"Diagn\u00f3stico\",\"P255F\"],\"articleSection\":[\"Diagn\u00f3stico DTC\",\"DTCs Geral\",\"Sae (Norma)\",\"Sistema de Climatiza\u00e7\u00e3o\"],\"inLanguage\":\"pt-BR\",\"potentialAction\":[{\"@type\":\"CommentAction\",\"name\":\"Comment\",\"target\":[\"https:\/\/oficinaconectada.com.br\/dtc\/sem-categoria\/p255f\/#respond\"]}]},{\"@type\":\"WebPage\",\"@id\":\"https:\/\/oficinaconectada.com.br\/dtc\/sem-categoria\/p255f\/\",\"url\":\"https:\/\/oficinaconectada.com.br\/dtc\/sem-categoria\/p255f\/\",\"name\":\"P255F SAE: Circuito Solicita\u00e7\u00e3o A\/C Fora do Padr\u00e3o - Oficina Conectada | DTC e C\u00f3digos de Falha\",\"isPartOf\":{\"@id\":\"https:\/\/oficinaconectada.com.br\/dtc\/#website\"},\"datePublished\":\"2026-04-09T08:39:56+00:00\",\"breadcrumb\":{\"@id\":\"https:\/\/oficinaconectada.com.br\/dtc\/sem-categoria\/p255f\/#breadcrumb\"},\"inLanguage\":\"pt-BR\",\"potentialAction\":[{\"@type\":\"ReadAction\",\"target\":[\"https:\/\/oficinaconectada.com.br\/dtc\/sem-categoria\/p255f\/\"]}]},{\"@type\":\"BreadcrumbList\",\"@id\":\"https:\/\/oficinaconectada.com.br\/dtc\/sem-categoria\/p255f\/#breadcrumb\",\"itemListElement\":[{\"@type\":\"ListItem\",\"position\":1,\"name\":\"Home\",\"item\":\"https:\/\/oficinaconectada.com.br\/dtc\/\"},{\"@type\":\"ListItem\",\"position\":2,\"name\":\"P255F SAE: Circuito Solicita\u00e7\u00e3o A\/C Fora do Padr\u00e3o\"}]},{\"@type\":\"WebSite\",\"@id\":\"https:\/\/oficinaconectada.com.br\/dtc\/#website\",\"url\":\"https:\/\/oficinaconectada.com.br\/dtc\/\",\"name\":\"Oficina Conectada | C\u00f3digos de Falha DTC\",\"description\":\"A Oficina Conectada \u00e9 o primeiro passo para o diagn\u00f3stico lucrativo. Consulte c\u00f3digos de falha DTC e OBD2 com causas, sintomas e solu\u00e7\u00f5es profissionais.\",\"publisher\":{\"@id\":\"https:\/\/oficinaconectada.com.br\/dtc\/#organization\"},\"potentialAction\":[{\"@type\":\"SearchAction\",\"target\":{\"@type\":\"EntryPoint\",\"urlTemplate\":\"https:\/\/oficinaconectada.com.br\/dtc\/?s={search_term_string}\"},\"query-input\":{\"@type\":\"PropertyValueSpecification\",\"valueRequired\":true,\"valueName\":\"search_term_string\"}}],\"inLanguage\":\"pt-BR\"},{\"@type\":\"Organization\",\"@id\":\"https:\/\/oficinaconectada.com.br\/dtc\/#organization\",\"name\":\"Oficina Conectada | C\u00f3digos de Falha DTC\",\"url\":\"https:\/\/oficinaconectada.com.br\/dtc\/\",\"logo\":{\"@type\":\"ImageObject\",\"inLanguage\":\"pt-BR\",\"@id\":\"https:\/\/oficinaconectada.com.br\/dtc\/#\/schema\/logo\/image\/\",\"url\":\"https:\/\/oficinaconectada.com.br\/dtc\/wp-content\/uploads\/2026\/02\/OficinaConectadaDTC.png\",\"contentUrl\":\"https:\/\/oficinaconectada.com.br\/dtc\/wp-content\/uploads\/2026\/02\/OficinaConectadaDTC.png\",\"width\":245,\"height\":100,\"caption\":\"Oficina Conectada | C\u00f3digos de Falha DTC\"},\"image\":{\"@id\":\"https:\/\/oficinaconectada.com.br\/dtc\/#\/schema\/logo\/image\/\"}},{\"@type\":\"Person\",\"@id\":\"https:\/\/oficinaconectada.com.br\/dtc\/#\/schema\/person\/b05379d5192b1bb9ea5fb9936b746b78\",\"name\":\"Pablo Eduardo\",\"image\":{\"@type\":\"ImageObject\",\"inLanguage\":\"pt-BR\",\"@id\":\"https:\/\/oficinaconectada.com.br\/dtc\/#\/schema\/person\/image\/\",\"url\":\"https:\/\/secure.gravatar.com\/avatar\/36a476f36de7a3b4526c6c4d1c99c240610b4949b92294d4de2634b206fdbfc6?s=96&d=mm&r=g\",\"contentUrl\":\"https:\/\/secure.gravatar.com\/avatar\/36a476f36de7a3b4526c6c4d1c99c240610b4949b92294d4de2634b206fdbfc6?s=96&d=mm&r=g\",\"caption\":\"Pablo Eduardo\"},\"sameAs\":[\"https:\/\/oficinaconectada.com.br\/dtc\"],\"url\":\"https:\/\/oficinaconectada.com.br\/dtc\/author\/pablo-eduardo\/\"}]}<\/script>\r\n<!-- \/ Yoast SEO plugin. -->","yoast_head_json":{"title":"P255F SAE: Circuito Solicita\u00e7\u00e3o A\/C Fora do Padr\u00e3o - Oficina Conectada | DTC e C\u00f3digos de Falha","robots":{"index":"index","follow":"follow","max-snippet":"max-snippet:-1","max-image-preview":"max-image-preview:large","max-video-preview":"max-video-preview:-1"},"canonical":"https:\/\/oficinaconectada.com.br\/dtc\/sem-categoria\/p255f\/","og_locale":"pt_BR","og_type":"article","og_title":"P255F SAE: Circuito Solicita\u00e7\u00e3o A\/C Fora do Padr\u00e3o - Oficina Conectada | DTC e C\u00f3digos de Falha","og_description":"O P255F (A\/C Request Circuit Range\/Performance) indica um problema no circuito que envia a solicita\u00e7\u00e3o de acionamento do ar condicionado para a ECU. Isso pode afetar o funcionamento do sistema.","og_url":"https:\/\/oficinaconectada.com.br\/dtc\/sem-categoria\/p255f\/","og_site_name":"Oficina Conectada | DTC e C\u00f3digos de Falha","article_published_time":"2026-04-09T08:39:56+00:00","author":"Pablo Eduardo","twitter_card":"summary_large_image","twitter_misc":{"Escrito por":"Pablo Eduardo","Est. tempo de leitura":"4 minutos"},"schema":{"@context":"https:\/\/schema.org","@graph":[{"@type":"Article","@id":"https:\/\/oficinaconectada.com.br\/dtc\/sem-categoria\/p255f\/#article","isPartOf":{"@id":"https:\/\/oficinaconectada.com.br\/dtc\/sem-categoria\/p255f\/"},"author":{"name":"Pablo Eduardo","@id":"https:\/\/oficinaconectada.com.br\/dtc\/#\/schema\/person\/b05379d5192b1bb9ea5fb9936b746b78"},"headline":"P255F SAE: Circuito Solicita\u00e7\u00e3o A\/C Fora do Padr\u00e3o","datePublished":"2026-04-09T08:39:56+00:00","mainEntityOfPage":{"@id":"https:\/\/oficinaconectada.com.br\/dtc\/sem-categoria\/p255f\/"},"wordCount":769,"commentCount":0,"publisher":{"@id":"https:\/\/oficinaconectada.com.br\/dtc\/#organization"},"keywords":["ar condicionado","B0002 SAE","B1568 Ford circuito farol alto","c\u00f3digo OBD2","c\u00f3digo P255F SAE","Diagn\u00f3stico","P255F"],"articleSection":["Diagn\u00f3stico DTC","DTCs Geral","Sae (Norma)","Sistema de Climatiza\u00e7\u00e3o"],"inLanguage":"pt-BR","potentialAction":[{"@type":"CommentAction","name":"Comment","target":["https:\/\/oficinaconectada.com.br\/dtc\/sem-categoria\/p255f\/#respond"]}]},{"@type":"WebPage","@id":"https:\/\/oficinaconectada.com.br\/dtc\/sem-categoria\/p255f\/","url":"https:\/\/oficinaconectada.com.br\/dtc\/sem-categoria\/p255f\/","name":"P255F SAE: Circuito Solicita\u00e7\u00e3o A\/C Fora do Padr\u00e3o - Oficina Conectada | DTC e C\u00f3digos de Falha","isPartOf":{"@id":"https:\/\/oficinaconectada.com.br\/dtc\/#website"},"datePublished":"2026-04-09T08:39:56+00:00","breadcrumb":{"@id":"https:\/\/oficinaconectada.com.br\/dtc\/sem-categoria\/p255f\/#breadcrumb"},"inLanguage":"pt-BR","potentialAction":[{"@type":"ReadAction","target":["https:\/\/oficinaconectada.com.br\/dtc\/sem-categoria\/p255f\/"]}]},{"@type":"BreadcrumbList","@id":"https:\/\/oficinaconectada.com.br\/dtc\/sem-categoria\/p255f\/#breadcrumb","itemListElement":[{"@type":"ListItem","position":1,"name":"Home","item":"https:\/\/oficinaconectada.com.br\/dtc\/"},{"@type":"ListItem","position":2,"name":"P255F SAE: Circuito Solicita\u00e7\u00e3o A\/C Fora do Padr\u00e3o"}]},{"@type":"WebSite","@id":"https:\/\/oficinaconectada.com.br\/dtc\/#website","url":"https:\/\/oficinaconectada.com.br\/dtc\/","name":"Oficina Conectada | C\u00f3digos de Falha DTC","description":"A Oficina Conectada \u00e9 o primeiro passo para o diagn\u00f3stico lucrativo. Consulte c\u00f3digos de falha DTC e OBD2 com causas, sintomas e solu\u00e7\u00f5es profissionais.","publisher":{"@id":"https:\/\/oficinaconectada.com.br\/dtc\/#organization"},"potentialAction":[{"@type":"SearchAction","target":{"@type":"EntryPoint","urlTemplate":"https:\/\/oficinaconectada.com.br\/dtc\/?s={search_term_string}"},"query-input":{"@type":"PropertyValueSpecification","valueRequired":true,"valueName":"search_term_string"}}],"inLanguage":"pt-BR"},{"@type":"Organization","@id":"https:\/\/oficinaconectada.com.br\/dtc\/#organization","name":"Oficina Conectada | C\u00f3digos de Falha DTC","url":"https:\/\/oficinaconectada.com.br\/dtc\/","logo":{"@type":"ImageObject","inLanguage":"pt-BR","@id":"https:\/\/oficinaconectada.com.br\/dtc\/#\/schema\/logo\/image\/","url":"https:\/\/oficinaconectada.com.br\/dtc\/wp-content\/uploads\/2026\/02\/OficinaConectadaDTC.png","contentUrl":"https:\/\/oficinaconectada.com.br\/dtc\/wp-content\/uploads\/2026\/02\/OficinaConectadaDTC.png","width":245,"height":100,"caption":"Oficina Conectada | C\u00f3digos de Falha DTC"},"image":{"@id":"https:\/\/oficinaconectada.com.br\/dtc\/#\/schema\/logo\/image\/"}},{"@type":"Person","@id":"https:\/\/oficinaconectada.com.br\/dtc\/#\/schema\/person\/b05379d5192b1bb9ea5fb9936b746b78","name":"Pablo Eduardo","image":{"@type":"ImageObject","inLanguage":"pt-BR","@id":"https:\/\/oficinaconectada.com.br\/dtc\/#\/schema\/person\/image\/","url":"https:\/\/secure.gravatar.com\/avatar\/36a476f36de7a3b4526c6c4d1c99c240610b4949b92294d4de2634b206fdbfc6?s=96&d=mm&r=g","contentUrl":"https:\/\/secure.gravatar.com\/avatar\/36a476f36de7a3b4526c6c4d1c99c240610b4949b92294d4de2634b206fdbfc6?s=96&d=mm&r=g","caption":"Pablo Eduardo"},"sameAs":["https:\/\/oficinaconectada.com.br\/dtc"],"url":"https:\/\/oficinaconectada.com.br\/dtc\/author\/pablo-eduardo\/"}]}},"yoast_title":"","yoast_metadesc":"","yoast_focus_keyword":"","yoast_readability":"","yoast_keyword_density":"","_links":{"self":[{"href":"https:\/\/oficinaconectada.com.br\/dtc\/wp-json\/wp\/v2\/posts\/13072","targetHints":{"allow":["GET"]}}],"collection":[{"href":"https:\/\/oficinaconectada.com.br\/dtc\/wp-json\/wp\/v2\/posts"}],"about":[{"href":"https:\/\/oficinaconectada.com.br\/dtc\/wp-json\/wp\/v2\/types\/post"}],"author":[{"embeddable":true,"href":"https:\/\/oficinaconectada.com.br\/dtc\/wp-json\/wp\/v2\/users\/1"}],"replies":[{"embeddable":true,"href":"https:\/\/oficinaconectada.com.br\/dtc\/wp-json\/wp\/v2\/comments?post=13072"}],"version-history":[{"count":0,"href":"https:\/\/oficinaconectada.com.br\/dtc\/wp-json\/wp\/v2\/posts\/13072\/revisions"}],"wp:attachment":[{"href":"https:\/\/oficinaconectada.com.br\/dtc\/wp-json\/wp\/v2\/media?parent=13072"}],"wp:term":[{"taxonomy":"category","embeddable":true,"href":"https:\/\/oficinaconectada.com.br\/dtc\/wp-json\/wp\/v2\/categories?post=13072"},{"taxonomy":"post_tag","embeddable":true,"href":"https:\/\/oficinaconectada.com.br\/dtc\/wp-json\/wp\/v2\/tags?post=13072"}],"curies":[{"name":"wp","href":"https:\/\/api.w.org\/{rel}","templated":true}]}}